{"id":4971,"date":"2024-08-29T20:09:22","date_gmt":"2024-08-29T18:09:22","guid":{"rendered":"https:\/\/tischtennis-alemannia.de\/?p=4971"},"modified":"2024-08-29T20:26:13","modified_gmt":"2024-08-29T18:26:13","slug":"carstens-blick-in-die-zukunft","status":"publish","type":"post","link":"https:\/\/tischtennis-alemannia.de\/en\/2024\/08\/29\/carstens-blick-in-die-zukunft\/","title":{"rendered":"Carstens Blick in die Zukunft"},"content":{"rendered":"<div data-elementor-type=\"wp-post\" data-elementor-id=\"4971\" class=\"elementor elementor-4971\">\n\t\t\t\t\t\t<section class=\"elementor-section elementor-top-section elementor-element elementor-element-f838233 elementor-section-boxed elementor-section-height-default elementor-section-height-default\" data-id=\"f838233\" data-element_type=\"section\" data-e-type=\"section\">\n\t\t\t\t\t\t<div class=\"elementor-container elementor-column-gap-default\">\n\t\t\t\t\t<div class=\"elementor-column elementor-col-50 elementor-top-column elementor-element elementor-element-22fd055\" data-id=\"22fd055\" data-element_type=\"column\" data-e-type=\"column\">\n\t\t\t<div class=\"elementor-widget-wrap elementor-element-populated\">\n\t\t\t\t\t\t<div class=\"elementor-element elementor-element-949c72a elementor-widget elementor-widget-text-editor\" data-id=\"949c72a\" data-element_type=\"widget\" data-e-type=\"widget\" data-widget_type=\"text-editor.default\">\n\t\t\t\t<div class=\"elementor-widget-container\">\n\t\t\t\t\t\t\t\t\t<p>Endlich geht es wieder los.<\/p><p>Die Sommerpause war aber auch z\u00e4h&#8230;und dann konnte man noch nicht mal richtig trainieren&#8230;\u00e4r-ger-lich!<\/p><p>Aber wie ich geh\u00f6rt und diese Woche auch am eigenen Leib erfahren habe, rattert die Alemannen-Trainings-Maschinerie wieder wie frisch ge\u00f6lt.<\/p><p>Und das ist auch gut so, die Saison hat am Mittwoch n\u00e4mlich wieder begonnen. Und wen wunderts, direkt 4 von 4 Siege (mich wundert das nat\u00fcrlich nicht).<\/p><p>Nach einer super erfolgreichen Saison 2023\/24 sind wir nat\u00fcrlich alle gespannt wie sich unsere neu-formierten Teams in den jeweiligen Klassen postieren. Zur letzten Saison haben wir stand heute nur 5 neue Namen auf dem Zettel (bei einigen wenigen Abg\u00e4ngen). Bedeutet, es muss mehr gefightet werden, wenn man vor allem in den nun h\u00f6heren Ligen mithalten m\u00f6chte.<\/p><p>Wo fang ich also an? Nat\u00fcrlich mit unseren Damen, denn da bin ich\/sind wir als Verein besonders stolz, nun endlich wieder eine Verbandsliga-Mannschaft ins Rennen zu schicken. Keine Frage, f\u00fcr die M\u00e4dels wird es nicht einfach die Klasse zu halten, aber wer nicht wagt, der nicht gewinnt.<\/p><p>Unsere zweite Damen hat sich auch verst\u00e4rken lassen und siehe da, am Mittwoch direkt der erste Saisonsieg. Mittelfeld ist hier die Devise.<\/p><p>Die 1. Herren hat ihr Ziel (ausgesprochen 2022) in der Landesliga zu spielen, noch nicht ganz erreicht. Ob der Aufstiegs-Hattrick erreicht werden kann? Wir geben alles und das gerne mit eurer Unterst\u00fctzung. Unsere Heimspiele sind zumeist Sonntags-Mittags, Zuschauer sind herzlich willkommen.<\/p><p>In der 1. Bezirksliga tummeln sich auch dieses Jahr wieder zwei Teams von uns rum. F\u00fcr beide hab ich den Klassenerhalt vorgesehen (auch wenn die 2. sich jetzt emp\u00f6rt zu Wort melden w\u00fcrde, da die doch mit mehr als nur Mittelfeld lieb\u00e4ugeln, hat man doch gestern schon den ersten Sieg eingefahren). Ich bin gespannt, ob die 3. auch am Tisch nachziehen kann, und nicht nur in der 3. Halbzeit.<\/p><p>Die 4. Mannschaft ist zum ersten Mal seit langem in der Historie der Alemannia wieder eine 6er Truppe. Ich stimme Forest Gumps Worten zu, dass es sich hierbei um eine echte PralinenSchachtel handelt. Von jung bis alt sind alle vertreten. Bin gespannt auf welche \u00dcberraschungen wir uns freuen d\u00fcrfen. Mittwoch waren es zwei Punkte!<\/p><p>Kaum eine andere Mannschaft in den vergangenen Jahren ist so stabil was ihre Stamm-Truppe angeht wie unsere 5. Kontinuierlichkeit zahlt sich ja zumeist aus, weshalb ich mich \u00fcber das obere Drittel freuen w\u00fcrde.<\/p><p>Als Meister der letzten Saison, bekommt die 6. es nun eine Liga h\u00f6her mit st\u00e4rkeren Gegnern zu tun. Einen Klassenerhalt ist aber bei dem Trainingspensum einiger Jungs allemal zuzutrauen.<\/p>\t\t\t\t\t\t\t\t<\/div>\n\t\t\t\t<\/div>\n\t\t\t\t\t<\/div>\n\t\t<\/div>\n\t\t\t\t<div class=\"elementor-column elementor-col-50 elementor-top-column elementor-element elementor-element-284a56a\" data-id=\"284a56a\" data-element_type=\"column\" data-e-type=\"column\">\n\t\t\t<div class=\"elementor-widget-wrap elementor-element-populated\">\n\t\t\t\t\t\t<div class=\"elementor-element elementor-element-2ff132e elementor-widget elementor-widget-image\" data-id=\"2ff132e\" data-element_type=\"widget\" data-e-type=\"widget\" data-widget_type=\"image.default\">\n\t\t\t\t<div class=\"elementor-widget-container\">\n\t\t\t\t\t\t\t\t\t\t\t\t\t\t\t<img fetchpriority=\"high\" decoding=\"async\" width=\"537\" height=\"420\" src=\"https:\/\/tischtennis-alemannia.de\/wp-content\/uploads\/2024\/08\/vorschau24-25_start.jpg\" class=\"attachment-large size-large wp-image-4973\" alt=\"\" \/>\t\t\t\t\t\t\t\t\t\t\t\t\t\t\t<\/div>\n\t\t\t\t<\/div>\n\t\t\t\t<div class=\"elementor-element elementor-element-ddc4d3f elementor-widget elementor-widget-text-editor\" data-id=\"ddc4d3f\" data-element_type=\"widget\" data-e-type=\"widget\" data-widget_type=\"text-editor.default\">\n\t\t\t\t<div class=\"elementor-widget-container\">\n\t\t\t\t\t\t\t\t\t<p>Unsere 7. ist zwar in meiner Herren-Auflistung das Schlusslicht, jedoch muss die Spinsight-Technologie-Nutzung doch zu was gut sein. Klarer Mittelfeldplatz f\u00fcr unsere Jungs, oder vllt noch was mehr?<\/p><p>Last but not least unsere Jugend. Kinder entwickeln sich zumal schneller als Erwachsene, von daher ist jede Saison ein Wundert\u00fcte auch wenn man auf gleiche Gegner trifft.<\/p><p>Dennoch sehe ich unsere 1. Jugend 19 als Mitanw\u00e4rter auf den Titel in der BOL. Genauso wie auch unsere 2. Jugend 19 in der 1. Bezirksliga. Ein Aufstieg in die n\u00e4chst h\u00f6here Liga zur RR klingt doch ganz verlockend, oder?<\/p><p>Unsere 3. bis 5. Jugend bestehen auch dieses Jahr wieder aus vielen Neulingen. Umso mehr brauchen wir erfahrene Tischtennis-Spieler als Betreuer, um die Jungs (leider noch keine M\u00e4dels) auf den Sport einzustellen und ihnen die sch\u00f6nen Facetten in unserem Vereinsleben zu zeigen. Ich bin gespannt.<\/p><p>Wie ihr alle lest, w\u00fcrde ich am liebsten wieder mit allen Teams Erfolge feiern. Sowas wird nat\u00fcrlich nicht leicht, aber eins ist Gewiss: wir werden k\u00e4mpfen bis zum Umfallen und dabei selbstverst\u00e4ndlich den Spa\u00df am Sport nicht vergessen. Bisschen Gezeter soll erlaubt sein, aber danach wieder zusammen mit dem Team und den G\u00e4sten\/Gegnern unseren Sport hochleben lassen (mit dem ein oder anderen Kaltgetr\u00e4nk).<\/p><p>In diesem Sinne, allen viel Erfolg und gutes Gelingen! Wir sehen uns in der Halle.<\/p><p>Euer Sportwart<\/p>\t\t\t\t\t\t\t\t<\/div>\n\t\t\t\t<\/div>\n\t\t\t\t\t<\/div>\n\t\t<\/div>\n\t\t\t\t\t<\/div>\n\t\t<\/section>\n\t\t\t\t<\/div>","protected":false},"excerpt":{"rendered":"<p>Endlich geht es wieder los. Die Sommerpause war aber auch z\u00e4h&#8230;und dann konnte man noch nicht mal richtig trainieren&#8230;\u00e4r-ger-lich! Aber wie ich geh\u00f6rt und diese&hellip;<\/p>","protected":false},"author":3,"featured_media":4973,"comment_status":"open","ping_status":"open","sticky":false,"template":"","format":"standard","meta":{"inline_featured_image":false,"footnotes":""},"categories":[1],"tags":[],"class_list":["post-4971","post","type-post","status-publish","format-standard","has-post-thumbnail","hentry","category-allgemein"],"yoast_head":"<!-- This site is optimized with the Yoast SEO plugin v24.6 - https:\/\/yoast.com\/wordpress\/plugins\/seo\/ -->\n<title>Carstens Blick in die Zukunft - Alemannia Aachen<\/title>\n<meta name=\"robots\" content=\"index, follow, max-snippet:-1, max-image-preview:large, max-video-preview:-1\" \/>\n<link rel=\"canonical\" href=\"https:\/\/tischtennis-alemannia.de\/en\/2024\/08\/29\/carstens-blick-in-die-zukunft\/\" \/>\n<meta property=\"og:locale\" content=\"en_GB\" \/>\n<meta property=\"og:type\" content=\"article\" \/>\n<meta property=\"og:title\" content=\"Carstens Blick in die Zukunft - Alemannia Aachen\" \/>\n<meta property=\"og:description\" content=\"Endlich geht es wieder los. Die Sommerpause war aber auch z\u00e4h&#8230;und dann konnte man noch nicht mal richtig trainieren&#8230;\u00e4r-ger-lich! Aber wie ich geh\u00f6rt und diese&hellip;\" \/>\n<meta property=\"og:url\" content=\"https:\/\/tischtennis-alemannia.de\/en\/2024\/08\/29\/carstens-blick-in-die-zukunft\/\" \/>\n<meta property=\"og:site_name\" content=\"Alemannia Aachen\" \/>\n<meta property=\"article:published_time\" content=\"2024-08-29T18:09:22+00:00\" \/>\n<meta property=\"article:modified_time\" content=\"2024-08-29T18:26:13+00:00\" \/>\n<meta property=\"og:image\" content=\"https:\/\/tischtennis-alemannia.de\/wp-content\/uploads\/2024\/08\/vorschau24-25_start.jpg\" \/>\n\t<meta property=\"og:image:width\" content=\"537\" \/>\n\t<meta property=\"og:image:height\" content=\"420\" \/>\n\t<meta property=\"og:image:type\" content=\"image\/jpeg\" \/>\n<meta name=\"author\" content=\"Carsten Schlotterhose\" \/>\n<meta name=\"twitter:card\" content=\"summary_large_image\" \/>\n<meta name=\"twitter:label1\" content=\"Written by\" \/>\n\t<meta name=\"twitter:data1\" content=\"Carsten Schlotterhose\" \/>\n\t<meta name=\"twitter:label2\" content=\"Estimated reading time\" \/>\n\t<meta name=\"twitter:data2\" content=\"3 minutes\" \/>\n<script type=\"application\/ld+json\" class=\"yoast-schema-graph\">{\"@context\":\"https:\/\/schema.org\",\"@graph\":[{\"@type\":\"Article\",\"@id\":\"https:\/\/tischtennis-alemannia.de\/2024\/08\/29\/carstens-blick-in-die-zukunft\/#article\",\"isPartOf\":{\"@id\":\"https:\/\/tischtennis-alemannia.de\/2024\/08\/29\/carstens-blick-in-die-zukunft\/\"},\"author\":{\"name\":\"Carsten Schlotterhose\",\"@id\":\"https:\/\/tischtennis-alemannia.de\/#\/schema\/person\/ea2996d162cf414667fadd77f07539c6\"},\"headline\":\"Carstens Blick in die Zukunft\",\"datePublished\":\"2024-08-29T18:09:22+00:00\",\"dateModified\":\"2024-08-29T18:26:13+00:00\",\"mainEntityOfPage\":{\"@id\":\"https:\/\/tischtennis-alemannia.de\/2024\/08\/29\/carstens-blick-in-die-zukunft\/\"},\"wordCount\":660,\"commentCount\":0,\"publisher\":{\"@id\":\"https:\/\/tischtennis-alemannia.de\/#organization\"},\"image\":{\"@id\":\"https:\/\/tischtennis-alemannia.de\/2024\/08\/29\/carstens-blick-in-die-zukunft\/#primaryimage\"},\"thumbnailUrl\":\"https:\/\/tischtennis-alemannia.de\/wp-content\/uploads\/2024\/08\/vorschau24-25_start.jpg\",\"articleSection\":[\"Allgemein\"],\"inLanguage\":\"en-GB\",\"potentialAction\":[{\"@type\":\"CommentAction\",\"name\":\"Comment\",\"target\":[\"https:\/\/tischtennis-alemannia.de\/2024\/08\/29\/carstens-blick-in-die-zukunft\/#respond\"]}]},{\"@type\":\"WebPage\",\"@id\":\"https:\/\/tischtennis-alemannia.de\/2024\/08\/29\/carstens-blick-in-die-zukunft\/\",\"url\":\"https:\/\/tischtennis-alemannia.de\/2024\/08\/29\/carstens-blick-in-die-zukunft\/\",\"name\":\"Carstens Blick in die Zukunft - Alemannia Aachen\",\"isPartOf\":{\"@id\":\"https:\/\/tischtennis-alemannia.de\/#website\"},\"primaryImageOfPage\":{\"@id\":\"https:\/\/tischtennis-alemannia.de\/2024\/08\/29\/carstens-blick-in-die-zukunft\/#primaryimage\"},\"image\":{\"@id\":\"https:\/\/tischtennis-alemannia.de\/2024\/08\/29\/carstens-blick-in-die-zukunft\/#primaryimage\"},\"thumbnailUrl\":\"https:\/\/tischtennis-alemannia.de\/wp-content\/uploads\/2024\/08\/vorschau24-25_start.jpg\",\"datePublished\":\"2024-08-29T18:09:22+00:00\",\"dateModified\":\"2024-08-29T18:26:13+00:00\",\"breadcrumb\":{\"@id\":\"https:\/\/tischtennis-alemannia.de\/2024\/08\/29\/carstens-blick-in-die-zukunft\/#breadcrumb\"},\"inLanguage\":\"en-GB\",\"potentialAction\":[{\"@type\":\"ReadAction\",\"target\":[\"https:\/\/tischtennis-alemannia.de\/2024\/08\/29\/carstens-blick-in-die-zukunft\/\"]}]},{\"@type\":\"ImageObject\",\"inLanguage\":\"en-GB\",\"@id\":\"https:\/\/tischtennis-alemannia.de\/2024\/08\/29\/carstens-blick-in-die-zukunft\/#primaryimage\",\"url\":\"https:\/\/tischtennis-alemannia.de\/wp-content\/uploads\/2024\/08\/vorschau24-25_start.jpg\",\"contentUrl\":\"https:\/\/tischtennis-alemannia.de\/wp-content\/uploads\/2024\/08\/vorschau24-25_start.jpg\",\"width\":537,\"height\":420},{\"@type\":\"BreadcrumbList\",\"@id\":\"https:\/\/tischtennis-alemannia.de\/2024\/08\/29\/carstens-blick-in-die-zukunft\/#breadcrumb\",\"itemListElement\":[{\"@type\":\"ListItem\",\"position\":1,\"name\":\"Startseite\",\"item\":\"https:\/\/tischtennis-alemannia.de\/\"},{\"@type\":\"ListItem\",\"position\":2,\"name\":\"Carstens Blick in die Zukunft\"}]},{\"@type\":\"WebSite\",\"@id\":\"https:\/\/tischtennis-alemannia.de\/#website\",\"url\":\"https:\/\/tischtennis-alemannia.de\/\",\"name\":\"Alemannia Aachen\",\"description\":\"Webseite der Alemannia Aachen: Abteilung Tischtennis\",\"publisher\":{\"@id\":\"https:\/\/tischtennis-alemannia.de\/#organization\"},\"potentialAction\":[{\"@type\":\"SearchAction\",\"target\":{\"@type\":\"EntryPoint\",\"urlTemplate\":\"https:\/\/tischtennis-alemannia.de\/?s={search_term_string}\"},\"query-input\":{\"@type\":\"PropertyValueSpecification\",\"valueRequired\":true,\"valueName\":\"search_term_string\"}}],\"inLanguage\":\"en-GB\"},{\"@type\":\"Organization\",\"@id\":\"https:\/\/tischtennis-alemannia.de\/#organization\",\"name\":\"Alemannia Aachen\",\"url\":\"https:\/\/tischtennis-alemannia.de\/\",\"logo\":{\"@type\":\"ImageObject\",\"inLanguage\":\"en-GB\",\"@id\":\"https:\/\/tischtennis-alemannia.de\/#\/schema\/logo\/image\/\",\"url\":\"https:\/\/tischtennis-alemannia.de\/wp-content\/uploads\/2022\/03\/Alemannia_Aachen_2010.svg.png\",\"contentUrl\":\"https:\/\/tischtennis-alemannia.de\/wp-content\/uploads\/2022\/03\/Alemannia_Aachen_2010.svg.png\",\"width\":800,\"height\":949,\"caption\":\"Alemannia Aachen\"},\"image\":{\"@id\":\"https:\/\/tischtennis-alemannia.de\/#\/schema\/logo\/image\/\"}},{\"@type\":\"Person\",\"@id\":\"https:\/\/tischtennis-alemannia.de\/#\/schema\/person\/ea2996d162cf414667fadd77f07539c6\",\"name\":\"Carsten Schlotterhose\",\"image\":{\"@type\":\"ImageObject\",\"inLanguage\":\"en-GB\",\"@id\":\"https:\/\/tischtennis-alemannia.de\/#\/schema\/person\/image\/\",\"url\":\"https:\/\/secure.gravatar.com\/avatar\/980f87c636f2d878a97d63e3f8f4c4a35c92e36a2afe2750a21715fa0bec3505?s=96&d=mm&r=g\",\"contentUrl\":\"https:\/\/secure.gravatar.com\/avatar\/980f87c636f2d878a97d63e3f8f4c4a35c92e36a2afe2750a21715fa0bec3505?s=96&d=mm&r=g\",\"caption\":\"Carsten Schlotterhose\"},\"url\":\"https:\/\/tischtennis-alemannia.de\/en\/author\/carstenschlotterhose\/\"}]}<\/script>\n<!-- \/ Yoast SEO plugin. -->","yoast_head_json":{"title":"Carstens Blick in die Zukunft - Alemannia Aachen","robots":{"index":"index","follow":"follow","max-snippet":"max-snippet:-1","max-image-preview":"max-image-preview:large","max-video-preview":"max-video-preview:-1"},"canonical":"https:\/\/tischtennis-alemannia.de\/en\/2024\/08\/29\/carstens-blick-in-die-zukunft\/","og_locale":"en_GB","og_type":"article","og_title":"Carstens Blick in die Zukunft - Alemannia Aachen","og_description":"Endlich geht es wieder los. Die Sommerpause war aber auch z\u00e4h&#8230;und dann konnte man noch nicht mal richtig trainieren&#8230;\u00e4r-ger-lich! Aber wie ich geh\u00f6rt und diese&hellip;","og_url":"https:\/\/tischtennis-alemannia.de\/en\/2024\/08\/29\/carstens-blick-in-die-zukunft\/","og_site_name":"Alemannia Aachen","article_published_time":"2024-08-29T18:09:22+00:00","article_modified_time":"2024-08-29T18:26:13+00:00","og_image":[{"width":537,"height":420,"url":"https:\/\/tischtennis-alemannia.de\/wp-content\/uploads\/2024\/08\/vorschau24-25_start.jpg","type":"image\/jpeg"}],"author":"Carsten Schlotterhose","twitter_card":"summary_large_image","twitter_misc":{"Written by":"Carsten Schlotterhose","Estimated reading time":"3 minutes"},"schema":{"@context":"https:\/\/schema.org","@graph":[{"@type":"Article","@id":"https:\/\/tischtennis-alemannia.de\/2024\/08\/29\/carstens-blick-in-die-zukunft\/#article","isPartOf":{"@id":"https:\/\/tischtennis-alemannia.de\/2024\/08\/29\/carstens-blick-in-die-zukunft\/"},"author":{"name":"Carsten Schlotterhose","@id":"https:\/\/tischtennis-alemannia.de\/#\/schema\/person\/ea2996d162cf414667fadd77f07539c6"},"headline":"Carstens Blick in die Zukunft","datePublished":"2024-08-29T18:09:22+00:00","dateModified":"2024-08-29T18:26:13+00:00","mainEntityOfPage":{"@id":"https:\/\/tischtennis-alemannia.de\/2024\/08\/29\/carstens-blick-in-die-zukunft\/"},"wordCount":660,"commentCount":0,"publisher":{"@id":"https:\/\/tischtennis-alemannia.de\/#organization"},"image":{"@id":"https:\/\/tischtennis-alemannia.de\/2024\/08\/29\/carstens-blick-in-die-zukunft\/#primaryimage"},"thumbnailUrl":"https:\/\/tischtennis-alemannia.de\/wp-content\/uploads\/2024\/08\/vorschau24-25_start.jpg","articleSection":["Allgemein"],"inLanguage":"en-GB","potentialAction":[{"@type":"CommentAction","name":"Comment","target":["https:\/\/tischtennis-alemannia.de\/2024\/08\/29\/carstens-blick-in-die-zukunft\/#respond"]}]},{"@type":"WebPage","@id":"https:\/\/tischtennis-alemannia.de\/2024\/08\/29\/carstens-blick-in-die-zukunft\/","url":"https:\/\/tischtennis-alemannia.de\/2024\/08\/29\/carstens-blick-in-die-zukunft\/","name":"Carstens Blick in die Zukunft - Alemannia Aachen","isPartOf":{"@id":"https:\/\/tischtennis-alemannia.de\/#website"},"primaryImageOfPage":{"@id":"https:\/\/tischtennis-alemannia.de\/2024\/08\/29\/carstens-blick-in-die-zukunft\/#primaryimage"},"image":{"@id":"https:\/\/tischtennis-alemannia.de\/2024\/08\/29\/carstens-blick-in-die-zukunft\/#primaryimage"},"thumbnailUrl":"https:\/\/tischtennis-alemannia.de\/wp-content\/uploads\/2024\/08\/vorschau24-25_start.jpg","datePublished":"2024-08-29T18:09:22+00:00","dateModified":"2024-08-29T18:26:13+00:00","breadcrumb":{"@id":"https:\/\/tischtennis-alemannia.de\/2024\/08\/29\/carstens-blick-in-die-zukunft\/#breadcrumb"},"inLanguage":"en-GB","potentialAction":[{"@type":"ReadAction","target":["https:\/\/tischtennis-alemannia.de\/2024\/08\/29\/carstens-blick-in-die-zukunft\/"]}]},{"@type":"ImageObject","inLanguage":"en-GB","@id":"https:\/\/tischtennis-alemannia.de\/2024\/08\/29\/carstens-blick-in-die-zukunft\/#primaryimage","url":"https:\/\/tischtennis-alemannia.de\/wp-content\/uploads\/2024\/08\/vorschau24-25_start.jpg","contentUrl":"https:\/\/tischtennis-alemannia.de\/wp-content\/uploads\/2024\/08\/vorschau24-25_start.jpg","width":537,"height":420},{"@type":"BreadcrumbList","@id":"https:\/\/tischtennis-alemannia.de\/2024\/08\/29\/carstens-blick-in-die-zukunft\/#breadcrumb","itemListElement":[{"@type":"ListItem","position":1,"name":"Startseite","item":"https:\/\/tischtennis-alemannia.de\/"},{"@type":"ListItem","position":2,"name":"Carstens Blick in die Zukunft"}]},{"@type":"WebSite","@id":"https:\/\/tischtennis-alemannia.de\/#website","url":"https:\/\/tischtennis-alemannia.de\/","name":"Alemannia Aachen","description":"Webseite of Alemannia Aachen: Division Tabletennis","publisher":{"@id":"https:\/\/tischtennis-alemannia.de\/#organization"},"potentialAction":[{"@type":"SearchAction","target":{"@type":"EntryPoint","urlTemplate":"https:\/\/tischtennis-alemannia.de\/?s={search_term_string}"},"query-input":{"@type":"PropertyValueSpecification","valueRequired":true,"valueName":"search_term_string"}}],"inLanguage":"en-GB"},{"@type":"Organization","@id":"https:\/\/tischtennis-alemannia.de\/#organization","name":"Alemannia Aachen","url":"https:\/\/tischtennis-alemannia.de\/","logo":{"@type":"ImageObject","inLanguage":"en-GB","@id":"https:\/\/tischtennis-alemannia.de\/#\/schema\/logo\/image\/","url":"https:\/\/tischtennis-alemannia.de\/wp-content\/uploads\/2022\/03\/Alemannia_Aachen_2010.svg.png","contentUrl":"https:\/\/tischtennis-alemannia.de\/wp-content\/uploads\/2022\/03\/Alemannia_Aachen_2010.svg.png","width":800,"height":949,"caption":"Alemannia Aachen"},"image":{"@id":"https:\/\/tischtennis-alemannia.de\/#\/schema\/logo\/image\/"}},{"@type":"Person","@id":"https:\/\/tischtennis-alemannia.de\/#\/schema\/person\/ea2996d162cf414667fadd77f07539c6","name":"Carsten Schlotterhose","image":{"@type":"ImageObject","inLanguage":"en-GB","@id":"https:\/\/tischtennis-alemannia.de\/#\/schema\/person\/image\/","url":"https:\/\/secure.gravatar.com\/avatar\/980f87c636f2d878a97d63e3f8f4c4a35c92e36a2afe2750a21715fa0bec3505?s=96&d=mm&r=g","contentUrl":"https:\/\/secure.gravatar.com\/avatar\/980f87c636f2d878a97d63e3f8f4c4a35c92e36a2afe2750a21715fa0bec3505?s=96&d=mm&r=g","caption":"Carsten Schlotterhose"},"url":"https:\/\/tischtennis-alemannia.de\/en\/author\/carstenschlotterhose\/"}]}},"rttpg_featured_image_url":{"full":["https:\/\/tischtennis-alemannia.de\/wp-content\/uploads\/2024\/08\/vorschau24-25_start.jpg",537,420,false],"landscape":["https:\/\/tischtennis-alemannia.de\/wp-content\/uploads\/2024\/08\/vorschau24-25_start.jpg",537,420,false],"portraits":["https:\/\/tischtennis-alemannia.de\/wp-content\/uploads\/2024\/08\/vorschau24-25_start.jpg",537,420,false],"thumbnail":["https:\/\/tischtennis-alemannia.de\/wp-content\/uploads\/2024\/08\/vorschau24-25_start-450x300.jpg",450,300,true],"medium":["https:\/\/tischtennis-alemannia.de\/wp-content\/uploads\/2024\/08\/vorschau24-25_start-300x235.jpg",300,235,true],"large":["https:\/\/tischtennis-alemannia.de\/wp-content\/uploads\/2024\/08\/vorschau24-25_start.jpg",537,420,false],"1536x1536":["https:\/\/tischtennis-alemannia.de\/wp-content\/uploads\/2024\/08\/vorschau24-25_start.jpg",537,420,false],"2048x2048":["https:\/\/tischtennis-alemannia.de\/wp-content\/uploads\/2024\/08\/vorschau24-25_start.jpg",537,420,false],"trp-custom-language-flag":["https:\/\/tischtennis-alemannia.de\/wp-content\/uploads\/2024\/08\/vorschau24-25_start-15x12.jpg",15,12,true],"blog-list-post-size":["https:\/\/tischtennis-alemannia.de\/wp-content\/uploads\/2024\/08\/vorschau24-25_start-350x274.jpg",350,274,true]},"rttpg_author":{"display_name":"Carsten Schlotterhose","author_link":"https:\/\/tischtennis-alemannia.de\/en\/author\/carstenschlotterhose\/"},"rttpg_comment":0,"rttpg_category":"<a href=\"https:\/\/tischtennis-alemannia.de\/en\/category\/allgemein\/\" rel=\"category tag\">Allgemein<\/a>","rttpg_excerpt":"Endlich geht es wieder los. Die Sommerpause war aber auch z\u00e4h&#8230;und dann konnte man noch nicht mal richtig trainieren&#8230;\u00e4r-ger-lich! Aber wie ich geh\u00f6rt und diese&hellip;","_links":{"self":[{"href":"https:\/\/tischtennis-alemannia.de\/en\/wp-json\/wp\/v2\/posts\/4971","targetHints":{"allow":["GET"]}}],"collection":[{"href":"https:\/\/tischtennis-alemannia.de\/en\/wp-json\/wp\/v2\/posts"}],"about":[{"href":"https:\/\/tischtennis-alemannia.de\/en\/wp-json\/wp\/v2\/types\/post"}],"author":[{"embeddable":true,"href":"https:\/\/tischtennis-alemannia.de\/en\/wp-json\/wp\/v2\/users\/3"}],"replies":[{"embeddable":true,"href":"https:\/\/tischtennis-alemannia.de\/en\/wp-json\/wp\/v2\/comments?post=4971"}],"version-history":[{"count":4,"href":"https:\/\/tischtennis-alemannia.de\/en\/wp-json\/wp\/v2\/posts\/4971\/revisions"}],"predecessor-version":[{"id":4976,"href":"https:\/\/tischtennis-alemannia.de\/en\/wp-json\/wp\/v2\/posts\/4971\/revisions\/4976"}],"wp:featuredmedia":[{"embeddable":true,"href":"https:\/\/tischtennis-alemannia.de\/en\/wp-json\/wp\/v2\/media\/4973"}],"wp:attachment":[{"href":"https:\/\/tischtennis-alemannia.de\/en\/wp-json\/wp\/v2\/media?parent=4971"}],"wp:term":[{"taxonomy":"category","embeddable":true,"href":"https:\/\/tischtennis-alemannia.de\/en\/wp-json\/wp\/v2\/categories?post=4971"},{"taxonomy":"post_tag","embeddable":true,"href":"https:\/\/tischtennis-alemannia.de\/en\/wp-json\/wp\/v2\/tags?post=4971"}],"curies":[{"name":"wp","href":"https:\/\/api.w.org\/{rel}","templated":true}]}}