{"id":4924,"date":"2024-07-11T00:31:36","date_gmt":"2024-07-10T22:31:36","guid":{"rendered":"https:\/\/tischtennis-alemannia.de\/?p=4924"},"modified":"2024-07-11T12:12:17","modified_gmt":"2024-07-11T10:12:17","slug":"eckis-saisonfazit","status":"publish","type":"post","link":"https:\/\/tischtennis-alemannia.de\/en\/2024\/07\/11\/eckis-saisonfazit\/","title":{"rendered":"Ecki&#8217;s Saisonfazit"},"content":{"rendered":"<div data-elementor-type=\"wp-post\" data-elementor-id=\"4924\" class=\"elementor elementor-4924\">\n\t\t\t\t\t\t<section class=\"elementor-section elementor-top-section elementor-element elementor-element-c2b3781 elementor-section-boxed elementor-section-height-default elementor-section-height-default\" data-id=\"c2b3781\" data-element_type=\"section\" data-e-type=\"section\">\n\t\t\t\t\t\t<div class=\"elementor-container elementor-column-gap-default\">\n\t\t\t\t\t<div class=\"elementor-column elementor-col-33 elementor-top-column elementor-element elementor-element-08ae1b4\" data-id=\"08ae1b4\" data-element_type=\"column\" data-e-type=\"column\">\n\t\t\t<div class=\"elementor-widget-wrap elementor-element-populated\">\n\t\t\t\t\t\t<div class=\"elementor-element elementor-element-d501316 elementor-widget elementor-widget-image\" data-id=\"d501316\" data-element_type=\"widget\" data-e-type=\"widget\" data-widget_type=\"image.default\">\n\t\t\t\t<div class=\"elementor-widget-container\">\n\t\t\t\t\t\t\t\t\t\t\t\t\t\t\t<img fetchpriority=\"high\" decoding=\"async\" width=\"337\" height=\"1024\" src=\"https:\/\/tischtennis-alemannia.de\/wp-content\/uploads\/2024\/07\/ecki-337x1024.jpg\" class=\"attachment-large size-large wp-image-4932\" alt=\"\" \/>\t\t\t\t\t\t\t\t\t\t\t\t\t\t\t<\/div>\n\t\t\t\t<\/div>\n\t\t\t\t\t<\/div>\n\t\t<\/div>\n\t\t\t\t<div class=\"elementor-column elementor-col-66 elementor-top-column elementor-element elementor-element-088d45a\" data-id=\"088d45a\" data-element_type=\"column\" data-e-type=\"column\">\n\t\t\t<div class=\"elementor-widget-wrap elementor-element-populated\">\n\t\t\t\t\t\t<div class=\"elementor-element elementor-element-028d401 elementor-widget elementor-widget-text-editor\" data-id=\"028d401\" data-element_type=\"widget\" data-e-type=\"widget\" data-widget_type=\"text-editor.default\">\n\t\t\t\t<div class=\"elementor-widget-container\">\n\t\t\t\t\t\t\t\t\t<p>Die Saison 2023\/24 ist vor ein paar Wochen wieder einmal mit einem tollen Sommerfest zu Ende gegangen. Es gab diesmal auf dem Betriebsgel\u00e4nde von m3connect mit einem herrlichen Blick in die Eifel sogar Live-Musik von Mike`s Popband, wo auch unser Sponsor Andreas Schindler als Frontmann auf der B\u00fchne stand. Die Stimmung war trotz usicherer Wetterverh\u00e4ltnisse pr\u00e4chtig, was erstens der aufputschenden Musik der Band und zweitens dem leckeren Bier und den farbenfrohen Cocktails zuzuschreiben war. Hier nochmal ein Kompliment und ein gro\u00dfes Dankesch\u00f6n den Organisatoren und vielen Helfern, sowie auch der Band, die alles gegeben haben.<\/p><p>Das Ende der sportlichen Saison war, wie schon im Vorjahr, sehr erfolgreich. Neben drei Meistermannschaften, wie der 1. Damen und der 1. und 6. Herren, sind im Nachr\u00fcckverfahren auch die 3. und 4. Herrenmannschaft aufgestiegen. Die Erste Damen spielen nun in der Verbandsliga, die Erste Herren in der Bezirksoberliga. Allen Aufsteigern wird erstmal ein t\u00fcchtiger Gegenwind in der h\u00f6heren Klasse entgegen wehen, aber nominell sind die Mannschaften so kompetent und wettbewerbsf\u00e4hig aufgestellt, da\u00df ein Klassenerhalt oder sogar noch mehr n\u00e4chste Saison m\u00f6glich sein sollte. Das ehrgeizige Ziel des Sportwarts, vor zwei Jahren formuliert, n\u00e4mlich das Erreichen der Landesliga mit der Ersten Herren und die Entwicklung eines entsprechenden Unterbaus durch die nachfolgenden Mannschaften, scheint in greifbare N\u00e4he zu r\u00fccken. Wir freuen uns alle auf eine sportlich interessante und herausfordernde Saison 2024\/25. Man sp\u00fcrt im Verein geradezu eine gewisse Anspannung und ein Vibrieren vorm Saisonstart. Man hat das Gef\u00fchl, als ob es f\u00fcr nicht wenige von uns gleich morgen wieder losgehen k\u00f6nnte mit dem Wettkampfrummel und dem Meisterschaftskampf.<\/p><p>Um auf Touren zu kommen oder weil sie nicht anders k\u00f6nnen, sind so einige in Sommercup-Team aktiv unterwegs und k\u00e4mpfen um die Teilnahme an der nationalen Endrunde in Saarbr\u00fccken.<\/p><p>Das letzte sportliche Highlight fand vor Kurzem in unser Halle statt, wo wieder einmal die amtierenden Vereinsmeister gek\u00fcrt wurden. Nach ausgedehnten K\u00e4mpfen konnten sich in der Jugend A Robin und Jugend B Simon, im Jugenddoppel Tim und Simon, bei den Herren A Carsten, den Herren B Conrad und im (zugelosten) Doppel Michi und\u00a0 Jan durchsetzen. Die Damen haben leider ihre Konkurenz nicht ausgespielt. Insgesamt ein gut besuchtes und anspruchsvolles Turnier mit ordentlich Muskelkater (jedenfalls was den Unterzeichner betrifft&#8230;).<\/p><p>Unsere Abteilung hat in der letzten Saison weiter substantiell an Mitgliedern dazu gewonnen. Wir sind aktuell schon an der oberen Grenze der Mannschaftsmeldungen angekommen, soda\u00df wir den Zustrom von neuen Spielern leider anfangen m\u00fcssen zu begrenzen. Bei aktive Damen bleiben wir weiterhin sehr offen. Obwohl wir geradezu grandios mit Trainingszeiten ausgestattet sind, m\u00fcssen wir, um Trainings- und Wettbewerbsbetrieb im Gleichgewicht zu halten, auf die Meldung weiterer Mannschaften verzichten. An dieser Stelle mu\u00df ein besonderes Lob dem Sportwart gezollt werden, der das Ganze in dieser umfassenden Art und Weise organisiert kriegt.<\/p><p>Mit unser schnuckeligen und tollen Sporthalle und dem erstklassigen Equipement, wof\u00fcr sich der Materialwart schon mehrfach ins Zeug gelegt hat, sind wir f\u00fcr die Saison 2024\/25 gut ger\u00fcstet und wollen mal sehen, was so geht. Ohne aus den Augen zu verlieren, da\u00df das Ganze nicht ewig so weiter gehen kann und mit dem Wissen, da\u00df man ein Spiel eher gewinnt, wenn man langsam und bescheiden in den Wettkampf geht und dann noch Gas geben kann, wenn`s am Schlu\u00df um die Wurst geht!<\/p><p>Euer Ecki<\/p>\t\t\t\t\t\t\t\t<\/div>\n\t\t\t\t<\/div>\n\t\t\t\t\t<\/div>\n\t\t<\/div>\n\t\t\t\t\t<\/div>\n\t\t<\/section>\n\t\t\t\t<\/div>","protected":false},"excerpt":{"rendered":"<p>Die Saison 2023\/24 ist vor ein paar Wochen wieder einmal mit einem tollen Sommerfest zu Ende gegangen. Es gab diesmal auf dem Betriebsgel\u00e4nde von m3connect&hellip;<\/p>","protected":false},"author":4,"featured_media":4930,"comment_status":"open","ping_status":"open","sticky":false,"template":"","format":"standard","meta":{"inline_featured_image":false,"footnotes":""},"categories":[1],"tags":[],"class_list":["post-4924","post","type-post","status-publish","format-standard","has-post-thumbnail","hentry","category-allgemein"],"yoast_head":"<!-- This site is optimized with the Yoast SEO plugin v24.6 - https:\/\/yoast.com\/wordpress\/plugins\/seo\/ -->\n<title>Ecki&#039;s Saisonfazit - Alemannia Aachen<\/title>\n<meta name=\"robots\" content=\"index, follow, max-snippet:-1, max-image-preview:large, max-video-preview:-1\" \/>\n<link rel=\"canonical\" href=\"https:\/\/tischtennis-alemannia.de\/en\/2024\/07\/11\/eckis-saisonfazit\/\" \/>\n<meta property=\"og:locale\" content=\"en_GB\" \/>\n<meta property=\"og:type\" content=\"article\" \/>\n<meta property=\"og:title\" content=\"Ecki&#039;s Saisonfazit - Alemannia Aachen\" \/>\n<meta property=\"og:description\" content=\"Die Saison 2023\/24 ist vor ein paar Wochen wieder einmal mit einem tollen Sommerfest zu Ende gegangen. Es gab diesmal auf dem Betriebsgel\u00e4nde von m3connect&hellip;\" \/>\n<meta property=\"og:url\" content=\"https:\/\/tischtennis-alemannia.de\/en\/2024\/07\/11\/eckis-saisonfazit\/\" \/>\n<meta property=\"og:site_name\" content=\"Alemannia Aachen\" \/>\n<meta property=\"article:published_time\" content=\"2024-07-10T22:31:36+00:00\" \/>\n<meta property=\"article:modified_time\" content=\"2024-07-11T10:12:17+00:00\" \/>\n<meta property=\"og:image\" content=\"https:\/\/tischtennis-alemannia.de\/wp-content\/uploads\/2024\/07\/ecki_start.jpg\" \/>\n\t<meta property=\"og:image:width\" content=\"338\" \/>\n\t<meta property=\"og:image:height\" content=\"308\" \/>\n\t<meta property=\"og:image:type\" content=\"image\/jpeg\" \/>\n<meta name=\"author\" content=\"Eckhard Kleine\" \/>\n<meta name=\"twitter:card\" content=\"summary_large_image\" \/>\n<meta name=\"twitter:label1\" content=\"Written by\" \/>\n\t<meta name=\"twitter:data1\" content=\"Eckhard Kleine\" \/>\n\t<meta name=\"twitter:label2\" content=\"Estimated reading time\" \/>\n\t<meta name=\"twitter:data2\" content=\"3 minutes\" \/>\n<script type=\"application\/ld+json\" class=\"yoast-schema-graph\">{\"@context\":\"https:\/\/schema.org\",\"@graph\":[{\"@type\":\"Article\",\"@id\":\"https:\/\/tischtennis-alemannia.de\/2024\/07\/11\/eckis-saisonfazit\/#article\",\"isPartOf\":{\"@id\":\"https:\/\/tischtennis-alemannia.de\/2024\/07\/11\/eckis-saisonfazit\/\"},\"author\":{\"name\":\"Eckhard Kleine\",\"@id\":\"https:\/\/tischtennis-alemannia.de\/#\/schema\/person\/825e2b1c9a44e46bf26af3fa1417d5d9\"},\"headline\":\"Ecki&#8217;s Saisonfazit\",\"datePublished\":\"2024-07-10T22:31:36+00:00\",\"dateModified\":\"2024-07-11T10:12:17+00:00\",\"mainEntityOfPage\":{\"@id\":\"https:\/\/tischtennis-alemannia.de\/2024\/07\/11\/eckis-saisonfazit\/\"},\"wordCount\":569,\"commentCount\":0,\"publisher\":{\"@id\":\"https:\/\/tischtennis-alemannia.de\/#organization\"},\"image\":{\"@id\":\"https:\/\/tischtennis-alemannia.de\/2024\/07\/11\/eckis-saisonfazit\/#primaryimage\"},\"thumbnailUrl\":\"https:\/\/tischtennis-alemannia.de\/wp-content\/uploads\/2024\/07\/ecki_start.jpg\",\"articleSection\":[\"Allgemein\"],\"inLanguage\":\"en-GB\",\"potentialAction\":[{\"@type\":\"CommentAction\",\"name\":\"Comment\",\"target\":[\"https:\/\/tischtennis-alemannia.de\/2024\/07\/11\/eckis-saisonfazit\/#respond\"]}]},{\"@type\":\"WebPage\",\"@id\":\"https:\/\/tischtennis-alemannia.de\/2024\/07\/11\/eckis-saisonfazit\/\",\"url\":\"https:\/\/tischtennis-alemannia.de\/2024\/07\/11\/eckis-saisonfazit\/\",\"name\":\"Ecki's Saisonfazit - Alemannia Aachen\",\"isPartOf\":{\"@id\":\"https:\/\/tischtennis-alemannia.de\/#website\"},\"primaryImageOfPage\":{\"@id\":\"https:\/\/tischtennis-alemannia.de\/2024\/07\/11\/eckis-saisonfazit\/#primaryimage\"},\"image\":{\"@id\":\"https:\/\/tischtennis-alemannia.de\/2024\/07\/11\/eckis-saisonfazit\/#primaryimage\"},\"thumbnailUrl\":\"https:\/\/tischtennis-alemannia.de\/wp-content\/uploads\/2024\/07\/ecki_start.jpg\",\"datePublished\":\"2024-07-10T22:31:36+00:00\",\"dateModified\":\"2024-07-11T10:12:17+00:00\",\"breadcrumb\":{\"@id\":\"https:\/\/tischtennis-alemannia.de\/2024\/07\/11\/eckis-saisonfazit\/#breadcrumb\"},\"inLanguage\":\"en-GB\",\"potentialAction\":[{\"@type\":\"ReadAction\",\"target\":[\"https:\/\/tischtennis-alemannia.de\/2024\/07\/11\/eckis-saisonfazit\/\"]}]},{\"@type\":\"ImageObject\",\"inLanguage\":\"en-GB\",\"@id\":\"https:\/\/tischtennis-alemannia.de\/2024\/07\/11\/eckis-saisonfazit\/#primaryimage\",\"url\":\"https:\/\/tischtennis-alemannia.de\/wp-content\/uploads\/2024\/07\/ecki_start.jpg\",\"contentUrl\":\"https:\/\/tischtennis-alemannia.de\/wp-content\/uploads\/2024\/07\/ecki_start.jpg\",\"width\":338,\"height\":308},{\"@type\":\"BreadcrumbList\",\"@id\":\"https:\/\/tischtennis-alemannia.de\/2024\/07\/11\/eckis-saisonfazit\/#breadcrumb\",\"itemListElement\":[{\"@type\":\"ListItem\",\"position\":1,\"name\":\"Startseite\",\"item\":\"https:\/\/tischtennis-alemannia.de\/\"},{\"@type\":\"ListItem\",\"position\":2,\"name\":\"Ecki&#8217;s Saisonfazit\"}]},{\"@type\":\"WebSite\",\"@id\":\"https:\/\/tischtennis-alemannia.de\/#website\",\"url\":\"https:\/\/tischtennis-alemannia.de\/\",\"name\":\"Alemannia Aachen\",\"description\":\"Webseite der Alemannia Aachen: Abteilung Tischtennis\",\"publisher\":{\"@id\":\"https:\/\/tischtennis-alemannia.de\/#organization\"},\"potentialAction\":[{\"@type\":\"SearchAction\",\"target\":{\"@type\":\"EntryPoint\",\"urlTemplate\":\"https:\/\/tischtennis-alemannia.de\/?s={search_term_string}\"},\"query-input\":{\"@type\":\"PropertyValueSpecification\",\"valueRequired\":true,\"valueName\":\"search_term_string\"}}],\"inLanguage\":\"en-GB\"},{\"@type\":\"Organization\",\"@id\":\"https:\/\/tischtennis-alemannia.de\/#organization\",\"name\":\"Alemannia Aachen\",\"url\":\"https:\/\/tischtennis-alemannia.de\/\",\"logo\":{\"@type\":\"ImageObject\",\"inLanguage\":\"en-GB\",\"@id\":\"https:\/\/tischtennis-alemannia.de\/#\/schema\/logo\/image\/\",\"url\":\"https:\/\/tischtennis-alemannia.de\/wp-content\/uploads\/2022\/03\/Alemannia_Aachen_2010.svg.png\",\"contentUrl\":\"https:\/\/tischtennis-alemannia.de\/wp-content\/uploads\/2022\/03\/Alemannia_Aachen_2010.svg.png\",\"width\":800,\"height\":949,\"caption\":\"Alemannia Aachen\"},\"image\":{\"@id\":\"https:\/\/tischtennis-alemannia.de\/#\/schema\/logo\/image\/\"}},{\"@type\":\"Person\",\"@id\":\"https:\/\/tischtennis-alemannia.de\/#\/schema\/person\/825e2b1c9a44e46bf26af3fa1417d5d9\",\"name\":\"Eckhard Kleine\",\"image\":{\"@type\":\"ImageObject\",\"inLanguage\":\"en-GB\",\"@id\":\"https:\/\/tischtennis-alemannia.de\/#\/schema\/person\/image\/\",\"url\":\"https:\/\/secure.gravatar.com\/avatar\/bdb25042b87d57de138cf1f50cd6093f6b3096bdcf025b1fc6db4903825db46f?s=96&d=mm&r=g\",\"contentUrl\":\"https:\/\/secure.gravatar.com\/avatar\/bdb25042b87d57de138cf1f50cd6093f6b3096bdcf025b1fc6db4903825db46f?s=96&d=mm&r=g\",\"caption\":\"Eckhard Kleine\"},\"url\":\"https:\/\/tischtennis-alemannia.de\/en\/author\/eckhardkleine\/\"}]}<\/script>\n<!-- \/ Yoast SEO plugin. -->","yoast_head_json":{"title":"Ecki's Saisonfazit - Alemannia Aachen","robots":{"index":"index","follow":"follow","max-snippet":"max-snippet:-1","max-image-preview":"max-image-preview:large","max-video-preview":"max-video-preview:-1"},"canonical":"https:\/\/tischtennis-alemannia.de\/en\/2024\/07\/11\/eckis-saisonfazit\/","og_locale":"en_GB","og_type":"article","og_title":"Ecki's Saisonfazit - Alemannia Aachen","og_description":"Die Saison 2023\/24 ist vor ein paar Wochen wieder einmal mit einem tollen Sommerfest zu Ende gegangen. Es gab diesmal auf dem Betriebsgel\u00e4nde von m3connect&hellip;","og_url":"https:\/\/tischtennis-alemannia.de\/en\/2024\/07\/11\/eckis-saisonfazit\/","og_site_name":"Alemannia Aachen","article_published_time":"2024-07-10T22:31:36+00:00","article_modified_time":"2024-07-11T10:12:17+00:00","og_image":[{"width":338,"height":308,"url":"https:\/\/tischtennis-alemannia.de\/wp-content\/uploads\/2024\/07\/ecki_start.jpg","type":"image\/jpeg"}],"author":"Eckhard Kleine","twitter_card":"summary_large_image","twitter_misc":{"Written by":"Eckhard Kleine","Estimated reading time":"3 minutes"},"schema":{"@context":"https:\/\/schema.org","@graph":[{"@type":"Article","@id":"https:\/\/tischtennis-alemannia.de\/2024\/07\/11\/eckis-saisonfazit\/#article","isPartOf":{"@id":"https:\/\/tischtennis-alemannia.de\/2024\/07\/11\/eckis-saisonfazit\/"},"author":{"name":"Eckhard Kleine","@id":"https:\/\/tischtennis-alemannia.de\/#\/schema\/person\/825e2b1c9a44e46bf26af3fa1417d5d9"},"headline":"Ecki&#8217;s Saisonfazit","datePublished":"2024-07-10T22:31:36+00:00","dateModified":"2024-07-11T10:12:17+00:00","mainEntityOfPage":{"@id":"https:\/\/tischtennis-alemannia.de\/2024\/07\/11\/eckis-saisonfazit\/"},"wordCount":569,"commentCount":0,"publisher":{"@id":"https:\/\/tischtennis-alemannia.de\/#organization"},"image":{"@id":"https:\/\/tischtennis-alemannia.de\/2024\/07\/11\/eckis-saisonfazit\/#primaryimage"},"thumbnailUrl":"https:\/\/tischtennis-alemannia.de\/wp-content\/uploads\/2024\/07\/ecki_start.jpg","articleSection":["Allgemein"],"inLanguage":"en-GB","potentialAction":[{"@type":"CommentAction","name":"Comment","target":["https:\/\/tischtennis-alemannia.de\/2024\/07\/11\/eckis-saisonfazit\/#respond"]}]},{"@type":"WebPage","@id":"https:\/\/tischtennis-alemannia.de\/2024\/07\/11\/eckis-saisonfazit\/","url":"https:\/\/tischtennis-alemannia.de\/2024\/07\/11\/eckis-saisonfazit\/","name":"Ecki's Saisonfazit - Alemannia Aachen","isPartOf":{"@id":"https:\/\/tischtennis-alemannia.de\/#website"},"primaryImageOfPage":{"@id":"https:\/\/tischtennis-alemannia.de\/2024\/07\/11\/eckis-saisonfazit\/#primaryimage"},"image":{"@id":"https:\/\/tischtennis-alemannia.de\/2024\/07\/11\/eckis-saisonfazit\/#primaryimage"},"thumbnailUrl":"https:\/\/tischtennis-alemannia.de\/wp-content\/uploads\/2024\/07\/ecki_start.jpg","datePublished":"2024-07-10T22:31:36+00:00","dateModified":"2024-07-11T10:12:17+00:00","breadcrumb":{"@id":"https:\/\/tischtennis-alemannia.de\/2024\/07\/11\/eckis-saisonfazit\/#breadcrumb"},"inLanguage":"en-GB","potentialAction":[{"@type":"ReadAction","target":["https:\/\/tischtennis-alemannia.de\/2024\/07\/11\/eckis-saisonfazit\/"]}]},{"@type":"ImageObject","inLanguage":"en-GB","@id":"https:\/\/tischtennis-alemannia.de\/2024\/07\/11\/eckis-saisonfazit\/#primaryimage","url":"https:\/\/tischtennis-alemannia.de\/wp-content\/uploads\/2024\/07\/ecki_start.jpg","contentUrl":"https:\/\/tischtennis-alemannia.de\/wp-content\/uploads\/2024\/07\/ecki_start.jpg","width":338,"height":308},{"@type":"BreadcrumbList","@id":"https:\/\/tischtennis-alemannia.de\/2024\/07\/11\/eckis-saisonfazit\/#breadcrumb","itemListElement":[{"@type":"ListItem","position":1,"name":"Startseite","item":"https:\/\/tischtennis-alemannia.de\/"},{"@type":"ListItem","position":2,"name":"Ecki&#8217;s Saisonfazit"}]},{"@type":"WebSite","@id":"https:\/\/tischtennis-alemannia.de\/#website","url":"https:\/\/tischtennis-alemannia.de\/","name":"Alemannia Aachen","description":"Webseite of Alemannia Aachen: Division Tabletennis","publisher":{"@id":"https:\/\/tischtennis-alemannia.de\/#organization"},"potentialAction":[{"@type":"SearchAction","target":{"@type":"EntryPoint","urlTemplate":"https:\/\/tischtennis-alemannia.de\/?s={search_term_string}"},"query-input":{"@type":"PropertyValueSpecification","valueRequired":true,"valueName":"search_term_string"}}],"inLanguage":"en-GB"},{"@type":"Organization","@id":"https:\/\/tischtennis-alemannia.de\/#organization","name":"Alemannia Aachen","url":"https:\/\/tischtennis-alemannia.de\/","logo":{"@type":"ImageObject","inLanguage":"en-GB","@id":"https:\/\/tischtennis-alemannia.de\/#\/schema\/logo\/image\/","url":"https:\/\/tischtennis-alemannia.de\/wp-content\/uploads\/2022\/03\/Alemannia_Aachen_2010.svg.png","contentUrl":"https:\/\/tischtennis-alemannia.de\/wp-content\/uploads\/2022\/03\/Alemannia_Aachen_2010.svg.png","width":800,"height":949,"caption":"Alemannia Aachen"},"image":{"@id":"https:\/\/tischtennis-alemannia.de\/#\/schema\/logo\/image\/"}},{"@type":"Person","@id":"https:\/\/tischtennis-alemannia.de\/#\/schema\/person\/825e2b1c9a44e46bf26af3fa1417d5d9","name":"Eckhard Kleine","image":{"@type":"ImageObject","inLanguage":"en-GB","@id":"https:\/\/tischtennis-alemannia.de\/#\/schema\/person\/image\/","url":"https:\/\/secure.gravatar.com\/avatar\/bdb25042b87d57de138cf1f50cd6093f6b3096bdcf025b1fc6db4903825db46f?s=96&d=mm&r=g","contentUrl":"https:\/\/secure.gravatar.com\/avatar\/bdb25042b87d57de138cf1f50cd6093f6b3096bdcf025b1fc6db4903825db46f?s=96&d=mm&r=g","caption":"Eckhard Kleine"},"url":"https:\/\/tischtennis-alemannia.de\/en\/author\/eckhardkleine\/"}]}},"rttpg_featured_image_url":{"full":["https:\/\/tischtennis-alemannia.de\/wp-content\/uploads\/2024\/07\/ecki_start.jpg",338,308,false],"landscape":["https:\/\/tischtennis-alemannia.de\/wp-content\/uploads\/2024\/07\/ecki_start.jpg",338,308,false],"portraits":["https:\/\/tischtennis-alemannia.de\/wp-content\/uploads\/2024\/07\/ecki_start.jpg",338,308,false],"thumbnail":["https:\/\/tischtennis-alemannia.de\/wp-content\/uploads\/2024\/07\/ecki_start-338x300.jpg",338,300,true],"medium":["https:\/\/tischtennis-alemannia.de\/wp-content\/uploads\/2024\/07\/ecki_start-300x273.jpg",300,273,true],"large":["https:\/\/tischtennis-alemannia.de\/wp-content\/uploads\/2024\/07\/ecki_start.jpg",338,308,false],"1536x1536":["https:\/\/tischtennis-alemannia.de\/wp-content\/uploads\/2024\/07\/ecki_start.jpg",338,308,false],"2048x2048":["https:\/\/tischtennis-alemannia.de\/wp-content\/uploads\/2024\/07\/ecki_start.jpg",338,308,false],"trp-custom-language-flag":["https:\/\/tischtennis-alemannia.de\/wp-content\/uploads\/2024\/07\/ecki_start-13x12.jpg",13,12,true],"blog-list-post-size":["https:\/\/tischtennis-alemannia.de\/wp-content\/uploads\/2024\/07\/ecki_start.jpg",338,308,false]},"rttpg_author":{"display_name":"Eckhard Kleine","author_link":"https:\/\/tischtennis-alemannia.de\/en\/author\/eckhardkleine\/"},"rttpg_comment":0,"rttpg_category":"<a href=\"https:\/\/tischtennis-alemannia.de\/en\/category\/allgemein\/\" rel=\"category tag\">Allgemein<\/a>","rttpg_excerpt":"Die Saison 2023\/24 ist vor ein paar Wochen wieder einmal mit einem tollen Sommerfest zu Ende gegangen. Es gab diesmal auf dem Betriebsgel\u00e4nde von m3connect&hellip;","_links":{"self":[{"href":"https:\/\/tischtennis-alemannia.de\/en\/wp-json\/wp\/v2\/posts\/4924","targetHints":{"allow":["GET"]}}],"collection":[{"href":"https:\/\/tischtennis-alemannia.de\/en\/wp-json\/wp\/v2\/posts"}],"about":[{"href":"https:\/\/tischtennis-alemannia.de\/en\/wp-json\/wp\/v2\/types\/post"}],"author":[{"embeddable":true,"href":"https:\/\/tischtennis-alemannia.de\/en\/wp-json\/wp\/v2\/users\/4"}],"replies":[{"embeddable":true,"href":"https:\/\/tischtennis-alemannia.de\/en\/wp-json\/wp\/v2\/comments?post=4924"}],"version-history":[{"count":14,"href":"https:\/\/tischtennis-alemannia.de\/en\/wp-json\/wp\/v2\/posts\/4924\/revisions"}],"predecessor-version":[{"id":4952,"href":"https:\/\/tischtennis-alemannia.de\/en\/wp-json\/wp\/v2\/posts\/4924\/revisions\/4952"}],"wp:featuredmedia":[{"embeddable":true,"href":"https:\/\/tischtennis-alemannia.de\/en\/wp-json\/wp\/v2\/media\/4930"}],"wp:attachment":[{"href":"https:\/\/tischtennis-alemannia.de\/en\/wp-json\/wp\/v2\/media?parent=4924"}],"wp:term":[{"taxonomy":"category","embeddable":true,"href":"https:\/\/tischtennis-alemannia.de\/en\/wp-json\/wp\/v2\/categories?post=4924"},{"taxonomy":"post_tag","embeddable":true,"href":"https:\/\/tischtennis-alemannia.de\/en\/wp-json\/wp\/v2\/tags?post=4924"}],"curies":[{"name":"wp","href":"https:\/\/api.w.org\/{rel}","templated":true}]}}