{"id":4798,"date":"2024-03-16T08:52:00","date_gmt":"2024-03-16T07:52:00","guid":{"rendered":"https:\/\/tischtennis-alemannia.de\/?p=4798"},"modified":"2024-03-16T09:12:32","modified_gmt":"2024-03-16T08:12:32","slug":"jhv-alemannia-am-20-03-2024","status":"publish","type":"post","link":"https:\/\/tischtennis-alemannia.de\/en\/2024\/03\/16\/jhv-alemannia-am-20-03-2024\/","title":{"rendered":"JHV Alemannia am 20.03.2024"},"content":{"rendered":"<div data-elementor-type=\"wp-post\" data-elementor-id=\"4798\" class=\"elementor elementor-4798\">\n\t\t\t\t\t\t<section class=\"elementor-section elementor-top-section elementor-element elementor-element-ef725c2 elementor-section-boxed elementor-section-height-default elementor-section-height-default\" data-id=\"ef725c2\" data-element_type=\"section\" data-e-type=\"section\">\n\t\t\t\t\t\t<div class=\"elementor-container elementor-column-gap-default\">\n\t\t\t\t\t<div class=\"elementor-column elementor-col-100 elementor-top-column elementor-element elementor-element-d8ec598\" data-id=\"d8ec598\" data-element_type=\"column\" data-e-type=\"column\">\n\t\t\t<div class=\"elementor-widget-wrap elementor-element-populated\">\n\t\t\t\t\t\t<div class=\"elementor-element elementor-element-8cd5000 elementor-widget elementor-widget-heading\" data-id=\"8cd5000\" data-element_type=\"widget\" data-e-type=\"widget\" data-widget_type=\"heading.default\">\n\t\t\t\t<div class=\"elementor-widget-container\">\n\t\t\t\t\t<h2 class=\"elementor-heading-title elementor-size-default\">Jahreshauptversammlung des ATuSV Alemannia 1900 e.V.<\/h2>\t\t\t\t<\/div>\n\t\t\t\t<\/div>\n\t\t\t\t<div class=\"elementor-element elementor-element-b57ab64 elementor-widget elementor-widget-text-editor\" data-id=\"b57ab64\" data-element_type=\"widget\" data-e-type=\"widget\" data-widget_type=\"text-editor.default\">\n\t\t\t\t<div class=\"elementor-widget-container\">\n\t\t\t\t\t\t\t\t\t<p>Liebe Alemannen,<\/p><p>es ist wieder soweit. Am 20.03.2024 findet die Jahreshauptversammlung des Aachener Turn- und Sportvereins Alemannia 1900 e.V. statt und alle Vereinsmitglieder sind dazu eingeladen! Ihr alle habt die Einladung dazu erhalten. Wir weisen hier noch einmal auf diesen Termin hin, da dies nat\u00fcrlich auch alle Mitglieder unserer Abteilung, also euch, einschlie\u00dft! Gerne k\u00f6nnen wir uns rechtzeitig vor der Jahreshauptversammlung treffen, um geschlossen dorthin zu gehen. Bitte nehmt euch die Zeit und den Abend frei und kommt mit uns, dem Vorstand, zu der Veranstaltung. Da es die Hauptversammlung des Gesamtvereins ist, werden alle Abteilungen dort einen Bericht abgeben. So erhalten alle einen \u00dcberblick \u00fcber das, was von der Alemannia insgesamt angeboten wird und einen Ausblick auf das, was vielleicht noch kommen wird.<\/p><p>Wichtig ist, dass f\u00fcr den Einlass zur JHV jedes Mitglied seinen <strong>Mitgliedsausweis<\/strong> <strong>dabei hat<\/strong>, da es eine Einlasskontrolle gibt. Deswegen bitte auch fr\u00fchzeitig vorort sein. Hier noch einmal die Eckdaten:<\/p><p><span style=\"text-decoration: underline;\"><strong>Datum:<\/strong><\/span> 20.03.2024<\/p><p><span style=\"text-decoration: underline;\"><strong>Uhrzeit:<\/strong><\/span> Beginn 19:00 Uhr &#8211; Einlass ab 18:30 Uhr<\/p><p><span style=\"text-decoration: underline;\"><strong>Ort:<\/strong><\/span> Aula des Einhard-Gynmasiums<br \/>Robert-Schumann-Stra\u00dfe 4<br \/>52066 Aachen<\/p>\t\t\t\t\t\t\t\t<\/div>\n\t\t\t\t<\/div>\n\t\t\t\t\t<\/div>\n\t\t<\/div>\n\t\t\t\t\t<\/div>\n\t\t<\/section>\n\t\t\t\t<\/div>","protected":false},"excerpt":{"rendered":"<p>Jahreshauptversammlung des ATuSV Alemannia 1900 e.V. Liebe Alemannen, es ist wieder soweit. Am 20.03.2024 findet die Jahreshauptversammlung des Aachener Turn- und Sportvereins Alemannia 1900 e.V.&hellip;<\/p>","protected":false},"author":2,"featured_media":4806,"comment_status":"open","ping_status":"open","sticky":false,"template":"","format":"standard","meta":{"inline_featured_image":false,"footnotes":""},"categories":[1],"tags":[],"class_list":["post-4798","post","type-post","status-publish","format-standard","has-post-thumbnail","hentry","category-allgemein"],"yoast_head":"<!-- This site is optimized with the Yoast SEO plugin v24.6 - https:\/\/yoast.com\/wordpress\/plugins\/seo\/ -->\n<title>JHV Alemannia am 20.03.2024 - Alemannia Aachen<\/title>\n<meta name=\"robots\" content=\"index, follow, max-snippet:-1, max-image-preview:large, max-video-preview:-1\" \/>\n<link rel=\"canonical\" href=\"https:\/\/tischtennis-alemannia.de\/en\/2024\/03\/16\/jhv-alemannia-am-20-03-2024\/\" \/>\n<meta property=\"og:locale\" content=\"en_GB\" \/>\n<meta property=\"og:type\" content=\"article\" \/>\n<meta property=\"og:title\" content=\"JHV Alemannia am 20.03.2024 - Alemannia Aachen\" \/>\n<meta property=\"og:description\" content=\"Jahreshauptversammlung des ATuSV Alemannia 1900 e.V. Liebe Alemannen, es ist wieder soweit. Am 20.03.2024 findet die Jahreshauptversammlung des Aachener Turn- und Sportvereins Alemannia 1900 e.V.&hellip;\" \/>\n<meta property=\"og:url\" content=\"https:\/\/tischtennis-alemannia.de\/en\/2024\/03\/16\/jhv-alemannia-am-20-03-2024\/\" \/>\n<meta property=\"og:site_name\" content=\"Alemannia Aachen\" \/>\n<meta property=\"article:published_time\" content=\"2024-03-16T07:52:00+00:00\" \/>\n<meta property=\"article:modified_time\" content=\"2024-03-16T08:12:32+00:00\" \/>\n<meta property=\"og:image\" content=\"https:\/\/tischtennis-alemannia.de\/wp-content\/uploads\/2024\/03\/startbild-jhv-aa_2024.jpg\" \/>\n\t<meta property=\"og:image:width\" content=\"895\" \/>\n\t<meta property=\"og:image:height\" content=\"720\" \/>\n\t<meta property=\"og:image:type\" content=\"image\/jpeg\" \/>\n<meta name=\"author\" content=\"Tobias Hins\" \/>\n<meta name=\"twitter:card\" content=\"summary_large_image\" \/>\n<meta name=\"twitter:label1\" content=\"Written by\" \/>\n\t<meta name=\"twitter:data1\" content=\"Tobias Hins\" \/>\n\t<meta name=\"twitter:label2\" content=\"Estimated reading time\" \/>\n\t<meta name=\"twitter:data2\" content=\"1 minute\" \/>\n<script type=\"application\/ld+json\" class=\"yoast-schema-graph\">{\"@context\":\"https:\/\/schema.org\",\"@graph\":[{\"@type\":\"Article\",\"@id\":\"https:\/\/tischtennis-alemannia.de\/2024\/03\/16\/jhv-alemannia-am-20-03-2024\/#article\",\"isPartOf\":{\"@id\":\"https:\/\/tischtennis-alemannia.de\/2024\/03\/16\/jhv-alemannia-am-20-03-2024\/\"},\"author\":{\"name\":\"Tobias Hins\",\"@id\":\"https:\/\/tischtennis-alemannia.de\/#\/schema\/person\/b93c5570f42fcfb351dfaae37b4ae4a7\"},\"headline\":\"JHV Alemannia am 20.03.2024\",\"datePublished\":\"2024-03-16T07:52:00+00:00\",\"dateModified\":\"2024-03-16T08:12:32+00:00\",\"mainEntityOfPage\":{\"@id\":\"https:\/\/tischtennis-alemannia.de\/2024\/03\/16\/jhv-alemannia-am-20-03-2024\/\"},\"wordCount\":180,\"commentCount\":0,\"publisher\":{\"@id\":\"https:\/\/tischtennis-alemannia.de\/#organization\"},\"image\":{\"@id\":\"https:\/\/tischtennis-alemannia.de\/2024\/03\/16\/jhv-alemannia-am-20-03-2024\/#primaryimage\"},\"thumbnailUrl\":\"https:\/\/tischtennis-alemannia.de\/wp-content\/uploads\/2024\/03\/startbild-jhv-aa_2024.jpg\",\"articleSection\":[\"Allgemein\"],\"inLanguage\":\"en-GB\",\"potentialAction\":[{\"@type\":\"CommentAction\",\"name\":\"Comment\",\"target\":[\"https:\/\/tischtennis-alemannia.de\/2024\/03\/16\/jhv-alemannia-am-20-03-2024\/#respond\"]}]},{\"@type\":\"WebPage\",\"@id\":\"https:\/\/tischtennis-alemannia.de\/2024\/03\/16\/jhv-alemannia-am-20-03-2024\/\",\"url\":\"https:\/\/tischtennis-alemannia.de\/2024\/03\/16\/jhv-alemannia-am-20-03-2024\/\",\"name\":\"JHV Alemannia am 20.03.2024 - Alemannia Aachen\",\"isPartOf\":{\"@id\":\"https:\/\/tischtennis-alemannia.de\/#website\"},\"primaryImageOfPage\":{\"@id\":\"https:\/\/tischtennis-alemannia.de\/2024\/03\/16\/jhv-alemannia-am-20-03-2024\/#primaryimage\"},\"image\":{\"@id\":\"https:\/\/tischtennis-alemannia.de\/2024\/03\/16\/jhv-alemannia-am-20-03-2024\/#primaryimage\"},\"thumbnailUrl\":\"https:\/\/tischtennis-alemannia.de\/wp-content\/uploads\/2024\/03\/startbild-jhv-aa_2024.jpg\",\"datePublished\":\"2024-03-16T07:52:00+00:00\",\"dateModified\":\"2024-03-16T08:12:32+00:00\",\"breadcrumb\":{\"@id\":\"https:\/\/tischtennis-alemannia.de\/2024\/03\/16\/jhv-alemannia-am-20-03-2024\/#breadcrumb\"},\"inLanguage\":\"en-GB\",\"potentialAction\":[{\"@type\":\"ReadAction\",\"target\":[\"https:\/\/tischtennis-alemannia.de\/2024\/03\/16\/jhv-alemannia-am-20-03-2024\/\"]}]},{\"@type\":\"ImageObject\",\"inLanguage\":\"en-GB\",\"@id\":\"https:\/\/tischtennis-alemannia.de\/2024\/03\/16\/jhv-alemannia-am-20-03-2024\/#primaryimage\",\"url\":\"https:\/\/tischtennis-alemannia.de\/wp-content\/uploads\/2024\/03\/startbild-jhv-aa_2024.jpg\",\"contentUrl\":\"https:\/\/tischtennis-alemannia.de\/wp-content\/uploads\/2024\/03\/startbild-jhv-aa_2024.jpg\",\"width\":895,\"height\":720},{\"@type\":\"BreadcrumbList\",\"@id\":\"https:\/\/tischtennis-alemannia.de\/2024\/03\/16\/jhv-alemannia-am-20-03-2024\/#breadcrumb\",\"itemListElement\":[{\"@type\":\"ListItem\",\"position\":1,\"name\":\"Startseite\",\"item\":\"https:\/\/tischtennis-alemannia.de\/\"},{\"@type\":\"ListItem\",\"position\":2,\"name\":\"JHV Alemannia am 20.03.2024\"}]},{\"@type\":\"WebSite\",\"@id\":\"https:\/\/tischtennis-alemannia.de\/#website\",\"url\":\"https:\/\/tischtennis-alemannia.de\/\",\"name\":\"Alemannia Aachen\",\"description\":\"Webseite der Alemannia Aachen: Abteilung Tischtennis\",\"publisher\":{\"@id\":\"https:\/\/tischtennis-alemannia.de\/#organization\"},\"potentialAction\":[{\"@type\":\"SearchAction\",\"target\":{\"@type\":\"EntryPoint\",\"urlTemplate\":\"https:\/\/tischtennis-alemannia.de\/?s={search_term_string}\"},\"query-input\":{\"@type\":\"PropertyValueSpecification\",\"valueRequired\":true,\"valueName\":\"search_term_string\"}}],\"inLanguage\":\"en-GB\"},{\"@type\":\"Organization\",\"@id\":\"https:\/\/tischtennis-alemannia.de\/#organization\",\"name\":\"Alemannia Aachen\",\"url\":\"https:\/\/tischtennis-alemannia.de\/\",\"logo\":{\"@type\":\"ImageObject\",\"inLanguage\":\"en-GB\",\"@id\":\"https:\/\/tischtennis-alemannia.de\/#\/schema\/logo\/image\/\",\"url\":\"https:\/\/tischtennis-alemannia.de\/wp-content\/uploads\/2022\/03\/Alemannia_Aachen_2010.svg.png\",\"contentUrl\":\"https:\/\/tischtennis-alemannia.de\/wp-content\/uploads\/2022\/03\/Alemannia_Aachen_2010.svg.png\",\"width\":800,\"height\":949,\"caption\":\"Alemannia Aachen\"},\"image\":{\"@id\":\"https:\/\/tischtennis-alemannia.de\/#\/schema\/logo\/image\/\"}},{\"@type\":\"Person\",\"@id\":\"https:\/\/tischtennis-alemannia.de\/#\/schema\/person\/b93c5570f42fcfb351dfaae37b4ae4a7\",\"name\":\"Tobias Hins\",\"image\":{\"@type\":\"ImageObject\",\"inLanguage\":\"en-GB\",\"@id\":\"https:\/\/tischtennis-alemannia.de\/#\/schema\/person\/image\/\",\"url\":\"https:\/\/secure.gravatar.com\/avatar\/143937a5db56ca610f35c33852425f384831aeaf8ef8f2a1ceaeffa5709e7d76?s=96&d=mm&r=g\",\"contentUrl\":\"https:\/\/secure.gravatar.com\/avatar\/143937a5db56ca610f35c33852425f384831aeaf8ef8f2a1ceaeffa5709e7d76?s=96&d=mm&r=g\",\"caption\":\"Tobias Hins\"},\"url\":\"https:\/\/tischtennis-alemannia.de\/en\/author\/tobiashins\/\"}]}<\/script>\n<!-- \/ Yoast SEO plugin. -->","yoast_head_json":{"title":"JHV Alemannia am 20.03.2024 - Alemannia Aachen","robots":{"index":"index","follow":"follow","max-snippet":"max-snippet:-1","max-image-preview":"max-image-preview:large","max-video-preview":"max-video-preview:-1"},"canonical":"https:\/\/tischtennis-alemannia.de\/en\/2024\/03\/16\/jhv-alemannia-am-20-03-2024\/","og_locale":"en_GB","og_type":"article","og_title":"JHV Alemannia am 20.03.2024 - Alemannia Aachen","og_description":"Jahreshauptversammlung des ATuSV Alemannia 1900 e.V. Liebe Alemannen, es ist wieder soweit. Am 20.03.2024 findet die Jahreshauptversammlung des Aachener Turn- und Sportvereins Alemannia 1900 e.V.&hellip;","og_url":"https:\/\/tischtennis-alemannia.de\/en\/2024\/03\/16\/jhv-alemannia-am-20-03-2024\/","og_site_name":"Alemannia Aachen","article_published_time":"2024-03-16T07:52:00+00:00","article_modified_time":"2024-03-16T08:12:32+00:00","og_image":[{"width":895,"height":720,"url":"https:\/\/tischtennis-alemannia.de\/wp-content\/uploads\/2024\/03\/startbild-jhv-aa_2024.jpg","type":"image\/jpeg"}],"author":"Tobias Hins","twitter_card":"summary_large_image","twitter_misc":{"Written by":"Tobias Hins","Estimated reading time":"1 minute"},"schema":{"@context":"https:\/\/schema.org","@graph":[{"@type":"Article","@id":"https:\/\/tischtennis-alemannia.de\/2024\/03\/16\/jhv-alemannia-am-20-03-2024\/#article","isPartOf":{"@id":"https:\/\/tischtennis-alemannia.de\/2024\/03\/16\/jhv-alemannia-am-20-03-2024\/"},"author":{"name":"Tobias Hins","@id":"https:\/\/tischtennis-alemannia.de\/#\/schema\/person\/b93c5570f42fcfb351dfaae37b4ae4a7"},"headline":"JHV Alemannia am 20.03.2024","datePublished":"2024-03-16T07:52:00+00:00","dateModified":"2024-03-16T08:12:32+00:00","mainEntityOfPage":{"@id":"https:\/\/tischtennis-alemannia.de\/2024\/03\/16\/jhv-alemannia-am-20-03-2024\/"},"wordCount":180,"commentCount":0,"publisher":{"@id":"https:\/\/tischtennis-alemannia.de\/#organization"},"image":{"@id":"https:\/\/tischtennis-alemannia.de\/2024\/03\/16\/jhv-alemannia-am-20-03-2024\/#primaryimage"},"thumbnailUrl":"https:\/\/tischtennis-alemannia.de\/wp-content\/uploads\/2024\/03\/startbild-jhv-aa_2024.jpg","articleSection":["Allgemein"],"inLanguage":"en-GB","potentialAction":[{"@type":"CommentAction","name":"Comment","target":["https:\/\/tischtennis-alemannia.de\/2024\/03\/16\/jhv-alemannia-am-20-03-2024\/#respond"]}]},{"@type":"WebPage","@id":"https:\/\/tischtennis-alemannia.de\/2024\/03\/16\/jhv-alemannia-am-20-03-2024\/","url":"https:\/\/tischtennis-alemannia.de\/2024\/03\/16\/jhv-alemannia-am-20-03-2024\/","name":"JHV Alemannia am 20.03.2024 - Alemannia Aachen","isPartOf":{"@id":"https:\/\/tischtennis-alemannia.de\/#website"},"primaryImageOfPage":{"@id":"https:\/\/tischtennis-alemannia.de\/2024\/03\/16\/jhv-alemannia-am-20-03-2024\/#primaryimage"},"image":{"@id":"https:\/\/tischtennis-alemannia.de\/2024\/03\/16\/jhv-alemannia-am-20-03-2024\/#primaryimage"},"thumbnailUrl":"https:\/\/tischtennis-alemannia.de\/wp-content\/uploads\/2024\/03\/startbild-jhv-aa_2024.jpg","datePublished":"2024-03-16T07:52:00+00:00","dateModified":"2024-03-16T08:12:32+00:00","breadcrumb":{"@id":"https:\/\/tischtennis-alemannia.de\/2024\/03\/16\/jhv-alemannia-am-20-03-2024\/#breadcrumb"},"inLanguage":"en-GB","potentialAction":[{"@type":"ReadAction","target":["https:\/\/tischtennis-alemannia.de\/2024\/03\/16\/jhv-alemannia-am-20-03-2024\/"]}]},{"@type":"ImageObject","inLanguage":"en-GB","@id":"https:\/\/tischtennis-alemannia.de\/2024\/03\/16\/jhv-alemannia-am-20-03-2024\/#primaryimage","url":"https:\/\/tischtennis-alemannia.de\/wp-content\/uploads\/2024\/03\/startbild-jhv-aa_2024.jpg","contentUrl":"https:\/\/tischtennis-alemannia.de\/wp-content\/uploads\/2024\/03\/startbild-jhv-aa_2024.jpg","width":895,"height":720},{"@type":"BreadcrumbList","@id":"https:\/\/tischtennis-alemannia.de\/2024\/03\/16\/jhv-alemannia-am-20-03-2024\/#breadcrumb","itemListElement":[{"@type":"ListItem","position":1,"name":"Startseite","item":"https:\/\/tischtennis-alemannia.de\/"},{"@type":"ListItem","position":2,"name":"JHV Alemannia am 20.03.2024"}]},{"@type":"WebSite","@id":"https:\/\/tischtennis-alemannia.de\/#website","url":"https:\/\/tischtennis-alemannia.de\/","name":"Alemannia Aachen","description":"Webseite of Alemannia Aachen: Division Tabletennis","publisher":{"@id":"https:\/\/tischtennis-alemannia.de\/#organization"},"potentialAction":[{"@type":"SearchAction","target":{"@type":"EntryPoint","urlTemplate":"https:\/\/tischtennis-alemannia.de\/?s={search_term_string}"},"query-input":{"@type":"PropertyValueSpecification","valueRequired":true,"valueName":"search_term_string"}}],"inLanguage":"en-GB"},{"@type":"Organization","@id":"https:\/\/tischtennis-alemannia.de\/#organization","name":"Alemannia Aachen","url":"https:\/\/tischtennis-alemannia.de\/","logo":{"@type":"ImageObject","inLanguage":"en-GB","@id":"https:\/\/tischtennis-alemannia.de\/#\/schema\/logo\/image\/","url":"https:\/\/tischtennis-alemannia.de\/wp-content\/uploads\/2022\/03\/Alemannia_Aachen_2010.svg.png","contentUrl":"https:\/\/tischtennis-alemannia.de\/wp-content\/uploads\/2022\/03\/Alemannia_Aachen_2010.svg.png","width":800,"height":949,"caption":"Alemannia Aachen"},"image":{"@id":"https:\/\/tischtennis-alemannia.de\/#\/schema\/logo\/image\/"}},{"@type":"Person","@id":"https:\/\/tischtennis-alemannia.de\/#\/schema\/person\/b93c5570f42fcfb351dfaae37b4ae4a7","name":"Tobias Hins","image":{"@type":"ImageObject","inLanguage":"en-GB","@id":"https:\/\/tischtennis-alemannia.de\/#\/schema\/person\/image\/","url":"https:\/\/secure.gravatar.com\/avatar\/143937a5db56ca610f35c33852425f384831aeaf8ef8f2a1ceaeffa5709e7d76?s=96&d=mm&r=g","contentUrl":"https:\/\/secure.gravatar.com\/avatar\/143937a5db56ca610f35c33852425f384831aeaf8ef8f2a1ceaeffa5709e7d76?s=96&d=mm&r=g","caption":"Tobias Hins"},"url":"https:\/\/tischtennis-alemannia.de\/en\/author\/tobiashins\/"}]}},"rttpg_featured_image_url":{"full":["https:\/\/tischtennis-alemannia.de\/wp-content\/uploads\/2024\/03\/startbild-jhv-aa_2024.jpg",895,720,false],"landscape":["https:\/\/tischtennis-alemannia.de\/wp-content\/uploads\/2024\/03\/startbild-jhv-aa_2024.jpg",895,720,false],"portraits":["https:\/\/tischtennis-alemannia.de\/wp-content\/uploads\/2024\/03\/startbild-jhv-aa_2024.jpg",895,720,false],"thumbnail":["https:\/\/tischtennis-alemannia.de\/wp-content\/uploads\/2024\/03\/startbild-jhv-aa_2024-450x300.jpg",450,300,true],"medium":["https:\/\/tischtennis-alemannia.de\/wp-content\/uploads\/2024\/03\/startbild-jhv-aa_2024-300x241.jpg",300,241,true],"large":["https:\/\/tischtennis-alemannia.de\/wp-content\/uploads\/2024\/03\/startbild-jhv-aa_2024.jpg",843,678,false],"1536x1536":["https:\/\/tischtennis-alemannia.de\/wp-content\/uploads\/2024\/03\/startbild-jhv-aa_2024.jpg",895,720,false],"2048x2048":["https:\/\/tischtennis-alemannia.de\/wp-content\/uploads\/2024\/03\/startbild-jhv-aa_2024.jpg",895,720,false],"trp-custom-language-flag":["https:\/\/tischtennis-alemannia.de\/wp-content\/uploads\/2024\/03\/startbild-jhv-aa_2024-15x12.jpg",15,12,true],"blog-list-post-size":["https:\/\/tischtennis-alemannia.de\/wp-content\/uploads\/2024\/03\/startbild-jhv-aa_2024-350x282.jpg",350,282,true]},"rttpg_author":{"display_name":"Tobias Hins","author_link":"https:\/\/tischtennis-alemannia.de\/en\/author\/tobiashins\/"},"rttpg_comment":0,"rttpg_category":"<a href=\"https:\/\/tischtennis-alemannia.de\/en\/category\/allgemein\/\" rel=\"category tag\">Allgemein<\/a>","rttpg_excerpt":"Jahreshauptversammlung des ATuSV Alemannia 1900 e.V. Liebe Alemannen, es ist wieder soweit. Am 20.03.2024 findet die Jahreshauptversammlung des Aachener Turn- und Sportvereins Alemannia 1900 e.V.&hellip;","_links":{"self":[{"href":"https:\/\/tischtennis-alemannia.de\/en\/wp-json\/wp\/v2\/posts\/4798","targetHints":{"allow":["GET"]}}],"collection":[{"href":"https:\/\/tischtennis-alemannia.de\/en\/wp-json\/wp\/v2\/posts"}],"about":[{"href":"https:\/\/tischtennis-alemannia.de\/en\/wp-json\/wp\/v2\/types\/post"}],"author":[{"embeddable":true,"href":"https:\/\/tischtennis-alemannia.de\/en\/wp-json\/wp\/v2\/users\/2"}],"replies":[{"embeddable":true,"href":"https:\/\/tischtennis-alemannia.de\/en\/wp-json\/wp\/v2\/comments?post=4798"}],"version-history":[{"count":7,"href":"https:\/\/tischtennis-alemannia.de\/en\/wp-json\/wp\/v2\/posts\/4798\/revisions"}],"predecessor-version":[{"id":4805,"href":"https:\/\/tischtennis-alemannia.de\/en\/wp-json\/wp\/v2\/posts\/4798\/revisions\/4805"}],"wp:featuredmedia":[{"embeddable":true,"href":"https:\/\/tischtennis-alemannia.de\/en\/wp-json\/wp\/v2\/media\/4806"}],"wp:attachment":[{"href":"https:\/\/tischtennis-alemannia.de\/en\/wp-json\/wp\/v2\/media?parent=4798"}],"wp:term":[{"taxonomy":"category","embeddable":true,"href":"https:\/\/tischtennis-alemannia.de\/en\/wp-json\/wp\/v2\/categories?post=4798"},{"taxonomy":"post_tag","embeddable":true,"href":"https:\/\/tischtennis-alemannia.de\/en\/wp-json\/wp\/v2\/tags?post=4798"}],"curies":[{"name":"wp","href":"https:\/\/api.w.org\/{rel}","templated":true}]}}