{"id":4731,"date":"2023-11-12T23:14:11","date_gmt":"2023-11-12T22:14:11","guid":{"rendered":"https:\/\/tischtennis-alemannia.de\/?p=4731"},"modified":"2023-11-13T14:36:21","modified_gmt":"2023-11-13T13:36:21","slug":"spitzenspiel-am-15-11-in-der-1-bezirksliga-gr-1-kein-training-parallel-zum-spiel","status":"publish","type":"post","link":"https:\/\/tischtennis-alemannia.de\/en\/2023\/11\/12\/spitzenspiel-am-15-11-in-der-1-bezirksliga-gr-1-kein-training-parallel-zum-spiel\/","title":{"rendered":"Spitzenspiel am 15.11. in der 1. Bezirksliga Gr. 1 &#8211; kein Training parallel zum Spiel"},"content":{"rendered":"<div data-elementor-type=\"wp-post\" data-elementor-id=\"4731\" class=\"elementor elementor-4731\">\n\t\t\t\t\t\t<section class=\"elementor-section elementor-top-section elementor-element elementor-element-2e86d11 elementor-section-boxed elementor-section-height-default elementor-section-height-default\" data-id=\"2e86d11\" data-element_type=\"section\" data-e-type=\"section\">\n\t\t\t\t\t\t<div class=\"elementor-container elementor-column-gap-default\">\n\t\t\t\t\t<div class=\"elementor-column elementor-col-33 elementor-top-column elementor-element elementor-element-79a3a44\" data-id=\"79a3a44\" data-element_type=\"column\" data-e-type=\"column\">\n\t\t\t<div class=\"elementor-widget-wrap elementor-element-populated\">\n\t\t\t\t\t\t<div class=\"elementor-element elementor-element-675b0a0 elementor-widget elementor-widget-text-editor\" data-id=\"675b0a0\" data-element_type=\"widget\" data-e-type=\"widget\" data-widget_type=\"text-editor.default\">\n\t\t\t\t<div class=\"elementor-widget-container\">\n\t\t\t\t\t\t\t\t\t<p>Liebe Alemannen, Freunde und Unterst\u00fctzer unserer Abteilung und Freunde des TT-Sports,<\/p><p>am kommenden Mittwoch den 15.11.2023 empf\u00e4ngt unsere 1. Herren im absoluten Spitzenspiel der 1. Bezirksliga Gruppe 1 die G\u00e4ste aus J\u00fclich. Wie unser Team ist auch die F\u00fcnfte von J\u00fclich noch ungeschlagen. Daher d\u00fcrfen wir uns alle auf ein spannendes Spiel und Sport auf hohem Niveau freuen. Und wir hoffen, dass ihr den Weg in unsere Halle findet, um unser Team zu unterst\u00fctzen! Wir z\u00e4hlen auf euch!<\/p><p>Parallel zu dem Spiel wird es keine Trainingsm\u00f6glichkeit geben.<\/p>\t\t\t\t\t\t\t\t<\/div>\n\t\t\t\t<\/div>\n\t\t\t\t\t<\/div>\n\t\t<\/div>\n\t\t\t\t<div class=\"elementor-column elementor-col-66 elementor-top-column elementor-element elementor-element-b7f3ca1\" data-id=\"b7f3ca1\" data-element_type=\"column\" data-e-type=\"column\">\n\t\t\t<div class=\"elementor-widget-wrap elementor-element-populated\">\n\t\t\t\t\t\t<div class=\"elementor-element elementor-element-dae4907 elementor-widget elementor-widget-image\" data-id=\"dae4907\" data-element_type=\"widget\" data-e-type=\"widget\" data-widget_type=\"image.default\">\n\t\t\t\t<div class=\"elementor-widget-container\">\n\t\t\t\t\t\t\t\t\t\t\t\t\t\t\t<img fetchpriority=\"high\" decoding=\"async\" width=\"843\" height=\"592\" src=\"https:\/\/tischtennis-alemannia.de\/wp-content\/uploads\/2023\/11\/heimspiel_15-11-23-1024x719.jpg\" class=\"attachment-large size-large wp-image-4733\" alt=\"\" \/>\t\t\t\t\t\t\t\t\t\t\t\t\t\t\t<\/div>\n\t\t\t\t<\/div>\n\t\t\t\t\t<\/div>\n\t\t<\/div>\n\t\t\t\t\t<\/div>\n\t\t<\/section>\n\t\t\t\t<\/div>","protected":false},"excerpt":{"rendered":"<p>Liebe Alemannen, Freunde und Unterst\u00fctzer unserer Abteilung und Freunde des TT-Sports, am kommenden Mittwoch den 15.11.2023 empf\u00e4ngt unsere 1. Herren im absoluten Spitzenspiel der 1.&hellip;<\/p>","protected":false},"author":2,"featured_media":4746,"comment_status":"open","ping_status":"open","sticky":false,"template":"","format":"standard","meta":{"inline_featured_image":false,"footnotes":""},"categories":[1],"tags":[],"class_list":["post-4731","post","type-post","status-publish","format-standard","has-post-thumbnail","hentry","category-allgemein"],"yoast_head":"<!-- This site is optimized with the Yoast SEO plugin v24.6 - https:\/\/yoast.com\/wordpress\/plugins\/seo\/ -->\n<title>Spitzenspiel am 15.11. in der 1. Bezirksliga Gr. 1 - kein Training parallel zum Spiel - Alemannia Aachen<\/title>\n<meta name=\"robots\" content=\"index, follow, max-snippet:-1, max-image-preview:large, max-video-preview:-1\" \/>\n<link rel=\"canonical\" href=\"https:\/\/tischtennis-alemannia.de\/en\/2023\/11\/12\/spitzenspiel-am-15-11-in-der-1-bezirksliga-gr-1-kein-training-parallel-zum-spiel\/\" \/>\n<meta property=\"og:locale\" content=\"en_GB\" \/>\n<meta property=\"og:type\" content=\"article\" \/>\n<meta property=\"og:title\" content=\"Spitzenspiel am 15.11. in der 1. Bezirksliga Gr. 1 - kein Training parallel zum Spiel - Alemannia Aachen\" \/>\n<meta property=\"og:description\" content=\"Liebe Alemannen, Freunde und Unterst\u00fctzer unserer Abteilung und Freunde des TT-Sports, am kommenden Mittwoch den 15.11.2023 empf\u00e4ngt unsere 1. Herren im absoluten Spitzenspiel der 1.&hellip;\" \/>\n<meta property=\"og:url\" content=\"https:\/\/tischtennis-alemannia.de\/en\/2023\/11\/12\/spitzenspiel-am-15-11-in-der-1-bezirksliga-gr-1-kein-training-parallel-zum-spiel\/\" \/>\n<meta property=\"og:site_name\" content=\"Alemannia Aachen\" \/>\n<meta property=\"article:published_time\" content=\"2023-11-12T22:14:11+00:00\" \/>\n<meta property=\"article:modified_time\" content=\"2023-11-13T13:36:21+00:00\" \/>\n<meta property=\"og:image\" content=\"https:\/\/tischtennis-alemannia.de\/wp-content\/uploads\/2023\/11\/flyer-juelich.jpg\" \/>\n\t<meta property=\"og:image:width\" content=\"550\" \/>\n\t<meta property=\"og:image:height\" content=\"581\" \/>\n\t<meta property=\"og:image:type\" content=\"image\/jpeg\" \/>\n<meta name=\"author\" content=\"Tobias Hins\" \/>\n<meta name=\"twitter:card\" content=\"summary_large_image\" \/>\n<meta name=\"twitter:label1\" content=\"Written by\" \/>\n\t<meta name=\"twitter:data1\" content=\"Tobias Hins\" \/>\n\t<meta name=\"twitter:label2\" content=\"Estimated reading time\" \/>\n\t<meta name=\"twitter:data2\" content=\"1 minute\" \/>\n<script type=\"application\/ld+json\" class=\"yoast-schema-graph\">{\"@context\":\"https:\/\/schema.org\",\"@graph\":[{\"@type\":\"Article\",\"@id\":\"https:\/\/tischtennis-alemannia.de\/2023\/11\/12\/spitzenspiel-am-15-11-in-der-1-bezirksliga-gr-1-kein-training-parallel-zum-spiel\/#article\",\"isPartOf\":{\"@id\":\"https:\/\/tischtennis-alemannia.de\/2023\/11\/12\/spitzenspiel-am-15-11-in-der-1-bezirksliga-gr-1-kein-training-parallel-zum-spiel\/\"},\"author\":{\"name\":\"Tobias Hins\",\"@id\":\"https:\/\/tischtennis-alemannia.de\/#\/schema\/person\/b93c5570f42fcfb351dfaae37b4ae4a7\"},\"headline\":\"Spitzenspiel am 15.11. in der 1. Bezirksliga Gr. 1 &#8211; kein Training parallel zum Spiel\",\"datePublished\":\"2023-11-12T22:14:11+00:00\",\"dateModified\":\"2023-11-13T13:36:21+00:00\",\"mainEntityOfPage\":{\"@id\":\"https:\/\/tischtennis-alemannia.de\/2023\/11\/12\/spitzenspiel-am-15-11-in-der-1-bezirksliga-gr-1-kein-training-parallel-zum-spiel\/\"},\"wordCount\":105,\"commentCount\":0,\"publisher\":{\"@id\":\"https:\/\/tischtennis-alemannia.de\/#organization\"},\"image\":{\"@id\":\"https:\/\/tischtennis-alemannia.de\/2023\/11\/12\/spitzenspiel-am-15-11-in-der-1-bezirksliga-gr-1-kein-training-parallel-zum-spiel\/#primaryimage\"},\"thumbnailUrl\":\"https:\/\/tischtennis-alemannia.de\/wp-content\/uploads\/2023\/11\/flyer-juelich.jpg\",\"articleSection\":[\"Allgemein\"],\"inLanguage\":\"en-GB\",\"potentialAction\":[{\"@type\":\"CommentAction\",\"name\":\"Comment\",\"target\":[\"https:\/\/tischtennis-alemannia.de\/2023\/11\/12\/spitzenspiel-am-15-11-in-der-1-bezirksliga-gr-1-kein-training-parallel-zum-spiel\/#respond\"]}]},{\"@type\":\"WebPage\",\"@id\":\"https:\/\/tischtennis-alemannia.de\/2023\/11\/12\/spitzenspiel-am-15-11-in-der-1-bezirksliga-gr-1-kein-training-parallel-zum-spiel\/\",\"url\":\"https:\/\/tischtennis-alemannia.de\/2023\/11\/12\/spitzenspiel-am-15-11-in-der-1-bezirksliga-gr-1-kein-training-parallel-zum-spiel\/\",\"name\":\"Spitzenspiel am 15.11. in der 1. Bezirksliga Gr. 1 - kein Training parallel zum Spiel - Alemannia Aachen\",\"isPartOf\":{\"@id\":\"https:\/\/tischtennis-alemannia.de\/#website\"},\"primaryImageOfPage\":{\"@id\":\"https:\/\/tischtennis-alemannia.de\/2023\/11\/12\/spitzenspiel-am-15-11-in-der-1-bezirksliga-gr-1-kein-training-parallel-zum-spiel\/#primaryimage\"},\"image\":{\"@id\":\"https:\/\/tischtennis-alemannia.de\/2023\/11\/12\/spitzenspiel-am-15-11-in-der-1-bezirksliga-gr-1-kein-training-parallel-zum-spiel\/#primaryimage\"},\"thumbnailUrl\":\"https:\/\/tischtennis-alemannia.de\/wp-content\/uploads\/2023\/11\/flyer-juelich.jpg\",\"datePublished\":\"2023-11-12T22:14:11+00:00\",\"dateModified\":\"2023-11-13T13:36:21+00:00\",\"breadcrumb\":{\"@id\":\"https:\/\/tischtennis-alemannia.de\/2023\/11\/12\/spitzenspiel-am-15-11-in-der-1-bezirksliga-gr-1-kein-training-parallel-zum-spiel\/#breadcrumb\"},\"inLanguage\":\"en-GB\",\"potentialAction\":[{\"@type\":\"ReadAction\",\"target\":[\"https:\/\/tischtennis-alemannia.de\/2023\/11\/12\/spitzenspiel-am-15-11-in-der-1-bezirksliga-gr-1-kein-training-parallel-zum-spiel\/\"]}]},{\"@type\":\"ImageObject\",\"inLanguage\":\"en-GB\",\"@id\":\"https:\/\/tischtennis-alemannia.de\/2023\/11\/12\/spitzenspiel-am-15-11-in-der-1-bezirksliga-gr-1-kein-training-parallel-zum-spiel\/#primaryimage\",\"url\":\"https:\/\/tischtennis-alemannia.de\/wp-content\/uploads\/2023\/11\/flyer-juelich.jpg\",\"contentUrl\":\"https:\/\/tischtennis-alemannia.de\/wp-content\/uploads\/2023\/11\/flyer-juelich.jpg\",\"width\":550,\"height\":581},{\"@type\":\"BreadcrumbList\",\"@id\":\"https:\/\/tischtennis-alemannia.de\/2023\/11\/12\/spitzenspiel-am-15-11-in-der-1-bezirksliga-gr-1-kein-training-parallel-zum-spiel\/#breadcrumb\",\"itemListElement\":[{\"@type\":\"ListItem\",\"position\":1,\"name\":\"Startseite\",\"item\":\"https:\/\/tischtennis-alemannia.de\/\"},{\"@type\":\"ListItem\",\"position\":2,\"name\":\"Spitzenspiel am 15.11. in der 1. Bezirksliga Gr. 1 &#8211; kein Training parallel zum Spiel\"}]},{\"@type\":\"WebSite\",\"@id\":\"https:\/\/tischtennis-alemannia.de\/#website\",\"url\":\"https:\/\/tischtennis-alemannia.de\/\",\"name\":\"Alemannia Aachen\",\"description\":\"Webseite der Alemannia Aachen: Abteilung Tischtennis\",\"publisher\":{\"@id\":\"https:\/\/tischtennis-alemannia.de\/#organization\"},\"potentialAction\":[{\"@type\":\"SearchAction\",\"target\":{\"@type\":\"EntryPoint\",\"urlTemplate\":\"https:\/\/tischtennis-alemannia.de\/?s={search_term_string}\"},\"query-input\":{\"@type\":\"PropertyValueSpecification\",\"valueRequired\":true,\"valueName\":\"search_term_string\"}}],\"inLanguage\":\"en-GB\"},{\"@type\":\"Organization\",\"@id\":\"https:\/\/tischtennis-alemannia.de\/#organization\",\"name\":\"Alemannia Aachen\",\"url\":\"https:\/\/tischtennis-alemannia.de\/\",\"logo\":{\"@type\":\"ImageObject\",\"inLanguage\":\"en-GB\",\"@id\":\"https:\/\/tischtennis-alemannia.de\/#\/schema\/logo\/image\/\",\"url\":\"https:\/\/tischtennis-alemannia.de\/wp-content\/uploads\/2022\/03\/Alemannia_Aachen_2010.svg.png\",\"contentUrl\":\"https:\/\/tischtennis-alemannia.de\/wp-content\/uploads\/2022\/03\/Alemannia_Aachen_2010.svg.png\",\"width\":800,\"height\":949,\"caption\":\"Alemannia Aachen\"},\"image\":{\"@id\":\"https:\/\/tischtennis-alemannia.de\/#\/schema\/logo\/image\/\"}},{\"@type\":\"Person\",\"@id\":\"https:\/\/tischtennis-alemannia.de\/#\/schema\/person\/b93c5570f42fcfb351dfaae37b4ae4a7\",\"name\":\"Tobias Hins\",\"image\":{\"@type\":\"ImageObject\",\"inLanguage\":\"en-GB\",\"@id\":\"https:\/\/tischtennis-alemannia.de\/#\/schema\/person\/image\/\",\"url\":\"https:\/\/secure.gravatar.com\/avatar\/143937a5db56ca610f35c33852425f384831aeaf8ef8f2a1ceaeffa5709e7d76?s=96&d=mm&r=g\",\"contentUrl\":\"https:\/\/secure.gravatar.com\/avatar\/143937a5db56ca610f35c33852425f384831aeaf8ef8f2a1ceaeffa5709e7d76?s=96&d=mm&r=g\",\"caption\":\"Tobias Hins\"},\"url\":\"https:\/\/tischtennis-alemannia.de\/en\/author\/tobiashins\/\"}]}<\/script>\n<!-- \/ Yoast SEO plugin. -->","yoast_head_json":{"title":"Spitzenspiel am 15.11. in der 1. Bezirksliga Gr. 1 - kein Training parallel zum Spiel - Alemannia Aachen","robots":{"index":"index","follow":"follow","max-snippet":"max-snippet:-1","max-image-preview":"max-image-preview:large","max-video-preview":"max-video-preview:-1"},"canonical":"https:\/\/tischtennis-alemannia.de\/en\/2023\/11\/12\/spitzenspiel-am-15-11-in-der-1-bezirksliga-gr-1-kein-training-parallel-zum-spiel\/","og_locale":"en_GB","og_type":"article","og_title":"Spitzenspiel am 15.11. in der 1. Bezirksliga Gr. 1 - kein Training parallel zum Spiel - Alemannia Aachen","og_description":"Liebe Alemannen, Freunde und Unterst\u00fctzer unserer Abteilung und Freunde des TT-Sports, am kommenden Mittwoch den 15.11.2023 empf\u00e4ngt unsere 1. Herren im absoluten Spitzenspiel der 1.&hellip;","og_url":"https:\/\/tischtennis-alemannia.de\/en\/2023\/11\/12\/spitzenspiel-am-15-11-in-der-1-bezirksliga-gr-1-kein-training-parallel-zum-spiel\/","og_site_name":"Alemannia Aachen","article_published_time":"2023-11-12T22:14:11+00:00","article_modified_time":"2023-11-13T13:36:21+00:00","og_image":[{"width":550,"height":581,"url":"https:\/\/tischtennis-alemannia.de\/wp-content\/uploads\/2023\/11\/flyer-juelich.jpg","type":"image\/jpeg"}],"author":"Tobias Hins","twitter_card":"summary_large_image","twitter_misc":{"Written by":"Tobias Hins","Estimated reading time":"1 minute"},"schema":{"@context":"https:\/\/schema.org","@graph":[{"@type":"Article","@id":"https:\/\/tischtennis-alemannia.de\/2023\/11\/12\/spitzenspiel-am-15-11-in-der-1-bezirksliga-gr-1-kein-training-parallel-zum-spiel\/#article","isPartOf":{"@id":"https:\/\/tischtennis-alemannia.de\/2023\/11\/12\/spitzenspiel-am-15-11-in-der-1-bezirksliga-gr-1-kein-training-parallel-zum-spiel\/"},"author":{"name":"Tobias Hins","@id":"https:\/\/tischtennis-alemannia.de\/#\/schema\/person\/b93c5570f42fcfb351dfaae37b4ae4a7"},"headline":"Spitzenspiel am 15.11. in der 1. Bezirksliga Gr. 1 &#8211; kein Training parallel zum Spiel","datePublished":"2023-11-12T22:14:11+00:00","dateModified":"2023-11-13T13:36:21+00:00","mainEntityOfPage":{"@id":"https:\/\/tischtennis-alemannia.de\/2023\/11\/12\/spitzenspiel-am-15-11-in-der-1-bezirksliga-gr-1-kein-training-parallel-zum-spiel\/"},"wordCount":105,"commentCount":0,"publisher":{"@id":"https:\/\/tischtennis-alemannia.de\/#organization"},"image":{"@id":"https:\/\/tischtennis-alemannia.de\/2023\/11\/12\/spitzenspiel-am-15-11-in-der-1-bezirksliga-gr-1-kein-training-parallel-zum-spiel\/#primaryimage"},"thumbnailUrl":"https:\/\/tischtennis-alemannia.de\/wp-content\/uploads\/2023\/11\/flyer-juelich.jpg","articleSection":["Allgemein"],"inLanguage":"en-GB","potentialAction":[{"@type":"CommentAction","name":"Comment","target":["https:\/\/tischtennis-alemannia.de\/2023\/11\/12\/spitzenspiel-am-15-11-in-der-1-bezirksliga-gr-1-kein-training-parallel-zum-spiel\/#respond"]}]},{"@type":"WebPage","@id":"https:\/\/tischtennis-alemannia.de\/2023\/11\/12\/spitzenspiel-am-15-11-in-der-1-bezirksliga-gr-1-kein-training-parallel-zum-spiel\/","url":"https:\/\/tischtennis-alemannia.de\/2023\/11\/12\/spitzenspiel-am-15-11-in-der-1-bezirksliga-gr-1-kein-training-parallel-zum-spiel\/","name":"Spitzenspiel am 15.11. in der 1. Bezirksliga Gr. 1 - kein Training parallel zum Spiel - Alemannia Aachen","isPartOf":{"@id":"https:\/\/tischtennis-alemannia.de\/#website"},"primaryImageOfPage":{"@id":"https:\/\/tischtennis-alemannia.de\/2023\/11\/12\/spitzenspiel-am-15-11-in-der-1-bezirksliga-gr-1-kein-training-parallel-zum-spiel\/#primaryimage"},"image":{"@id":"https:\/\/tischtennis-alemannia.de\/2023\/11\/12\/spitzenspiel-am-15-11-in-der-1-bezirksliga-gr-1-kein-training-parallel-zum-spiel\/#primaryimage"},"thumbnailUrl":"https:\/\/tischtennis-alemannia.de\/wp-content\/uploads\/2023\/11\/flyer-juelich.jpg","datePublished":"2023-11-12T22:14:11+00:00","dateModified":"2023-11-13T13:36:21+00:00","breadcrumb":{"@id":"https:\/\/tischtennis-alemannia.de\/2023\/11\/12\/spitzenspiel-am-15-11-in-der-1-bezirksliga-gr-1-kein-training-parallel-zum-spiel\/#breadcrumb"},"inLanguage":"en-GB","potentialAction":[{"@type":"ReadAction","target":["https:\/\/tischtennis-alemannia.de\/2023\/11\/12\/spitzenspiel-am-15-11-in-der-1-bezirksliga-gr-1-kein-training-parallel-zum-spiel\/"]}]},{"@type":"ImageObject","inLanguage":"en-GB","@id":"https:\/\/tischtennis-alemannia.de\/2023\/11\/12\/spitzenspiel-am-15-11-in-der-1-bezirksliga-gr-1-kein-training-parallel-zum-spiel\/#primaryimage","url":"https:\/\/tischtennis-alemannia.de\/wp-content\/uploads\/2023\/11\/flyer-juelich.jpg","contentUrl":"https:\/\/tischtennis-alemannia.de\/wp-content\/uploads\/2023\/11\/flyer-juelich.jpg","width":550,"height":581},{"@type":"BreadcrumbList","@id":"https:\/\/tischtennis-alemannia.de\/2023\/11\/12\/spitzenspiel-am-15-11-in-der-1-bezirksliga-gr-1-kein-training-parallel-zum-spiel\/#breadcrumb","itemListElement":[{"@type":"ListItem","position":1,"name":"Startseite","item":"https:\/\/tischtennis-alemannia.de\/"},{"@type":"ListItem","position":2,"name":"Spitzenspiel am 15.11. in der 1. Bezirksliga Gr. 1 &#8211; kein Training parallel zum Spiel"}]},{"@type":"WebSite","@id":"https:\/\/tischtennis-alemannia.de\/#website","url":"https:\/\/tischtennis-alemannia.de\/","name":"Alemannia Aachen","description":"Webseite of Alemannia Aachen: Division Tabletennis","publisher":{"@id":"https:\/\/tischtennis-alemannia.de\/#organization"},"potentialAction":[{"@type":"SearchAction","target":{"@type":"EntryPoint","urlTemplate":"https:\/\/tischtennis-alemannia.de\/?s={search_term_string}"},"query-input":{"@type":"PropertyValueSpecification","valueRequired":true,"valueName":"search_term_string"}}],"inLanguage":"en-GB"},{"@type":"Organization","@id":"https:\/\/tischtennis-alemannia.de\/#organization","name":"Alemannia Aachen","url":"https:\/\/tischtennis-alemannia.de\/","logo":{"@type":"ImageObject","inLanguage":"en-GB","@id":"https:\/\/tischtennis-alemannia.de\/#\/schema\/logo\/image\/","url":"https:\/\/tischtennis-alemannia.de\/wp-content\/uploads\/2022\/03\/Alemannia_Aachen_2010.svg.png","contentUrl":"https:\/\/tischtennis-alemannia.de\/wp-content\/uploads\/2022\/03\/Alemannia_Aachen_2010.svg.png","width":800,"height":949,"caption":"Alemannia Aachen"},"image":{"@id":"https:\/\/tischtennis-alemannia.de\/#\/schema\/logo\/image\/"}},{"@type":"Person","@id":"https:\/\/tischtennis-alemannia.de\/#\/schema\/person\/b93c5570f42fcfb351dfaae37b4ae4a7","name":"Tobias Hins","image":{"@type":"ImageObject","inLanguage":"en-GB","@id":"https:\/\/tischtennis-alemannia.de\/#\/schema\/person\/image\/","url":"https:\/\/secure.gravatar.com\/avatar\/143937a5db56ca610f35c33852425f384831aeaf8ef8f2a1ceaeffa5709e7d76?s=96&d=mm&r=g","contentUrl":"https:\/\/secure.gravatar.com\/avatar\/143937a5db56ca610f35c33852425f384831aeaf8ef8f2a1ceaeffa5709e7d76?s=96&d=mm&r=g","caption":"Tobias Hins"},"url":"https:\/\/tischtennis-alemannia.de\/en\/author\/tobiashins\/"}]}},"rttpg_featured_image_url":{"full":["https:\/\/tischtennis-alemannia.de\/wp-content\/uploads\/2023\/11\/flyer-juelich.jpg",550,581,false],"landscape":["https:\/\/tischtennis-alemannia.de\/wp-content\/uploads\/2023\/11\/flyer-juelich.jpg",550,581,false],"portraits":["https:\/\/tischtennis-alemannia.de\/wp-content\/uploads\/2023\/11\/flyer-juelich.jpg",550,581,false],"thumbnail":["https:\/\/tischtennis-alemannia.de\/wp-content\/uploads\/2023\/11\/flyer-juelich-450x300.jpg",450,300,true],"medium":["https:\/\/tischtennis-alemannia.de\/wp-content\/uploads\/2023\/11\/flyer-juelich-284x300.jpg",284,300,true],"large":["https:\/\/tischtennis-alemannia.de\/wp-content\/uploads\/2023\/11\/flyer-juelich.jpg",550,581,false],"1536x1536":["https:\/\/tischtennis-alemannia.de\/wp-content\/uploads\/2023\/11\/flyer-juelich.jpg",550,581,false],"2048x2048":["https:\/\/tischtennis-alemannia.de\/wp-content\/uploads\/2023\/11\/flyer-juelich.jpg",550,581,false],"trp-custom-language-flag":["https:\/\/tischtennis-alemannia.de\/wp-content\/uploads\/2023\/11\/flyer-juelich-11x12.jpg",11,12,true],"blog-list-post-size":["https:\/\/tischtennis-alemannia.de\/wp-content\/uploads\/2023\/11\/flyer-juelich-350x370.jpg",350,370,true]},"rttpg_author":{"display_name":"Tobias Hins","author_link":"https:\/\/tischtennis-alemannia.de\/en\/author\/tobiashins\/"},"rttpg_comment":0,"rttpg_category":"<a href=\"https:\/\/tischtennis-alemannia.de\/en\/category\/allgemein\/\" rel=\"category tag\">Allgemein<\/a>","rttpg_excerpt":"Liebe Alemannen, Freunde und Unterst\u00fctzer unserer Abteilung und Freunde des TT-Sports, am kommenden Mittwoch den 15.11.2023 empf\u00e4ngt unsere 1. Herren im absoluten Spitzenspiel der 1.&hellip;","_links":{"self":[{"href":"https:\/\/tischtennis-alemannia.de\/en\/wp-json\/wp\/v2\/posts\/4731","targetHints":{"allow":["GET"]}}],"collection":[{"href":"https:\/\/tischtennis-alemannia.de\/en\/wp-json\/wp\/v2\/posts"}],"about":[{"href":"https:\/\/tischtennis-alemannia.de\/en\/wp-json\/wp\/v2\/types\/post"}],"author":[{"embeddable":true,"href":"https:\/\/tischtennis-alemannia.de\/en\/wp-json\/wp\/v2\/users\/2"}],"replies":[{"embeddable":true,"href":"https:\/\/tischtennis-alemannia.de\/en\/wp-json\/wp\/v2\/comments?post=4731"}],"version-history":[{"count":7,"href":"https:\/\/tischtennis-alemannia.de\/en\/wp-json\/wp\/v2\/posts\/4731\/revisions"}],"predecessor-version":[{"id":4740,"href":"https:\/\/tischtennis-alemannia.de\/en\/wp-json\/wp\/v2\/posts\/4731\/revisions\/4740"}],"wp:featuredmedia":[{"embeddable":true,"href":"https:\/\/tischtennis-alemannia.de\/en\/wp-json\/wp\/v2\/media\/4746"}],"wp:attachment":[{"href":"https:\/\/tischtennis-alemannia.de\/en\/wp-json\/wp\/v2\/media?parent=4731"}],"wp:term":[{"taxonomy":"category","embeddable":true,"href":"https:\/\/tischtennis-alemannia.de\/en\/wp-json\/wp\/v2\/categories?post=4731"},{"taxonomy":"post_tag","embeddable":true,"href":"https:\/\/tischtennis-alemannia.de\/en\/wp-json\/wp\/v2\/tags?post=4731"}],"curies":[{"name":"wp","href":"https:\/\/api.w.org\/{rel}","templated":true}]}}