{"id":4164,"date":"2023-05-16T23:47:51","date_gmt":"2023-05-16T21:47:51","guid":{"rendered":"https:\/\/tischtennis-alemannia.de\/?p=4164"},"modified":"2023-05-16T23:53:47","modified_gmt":"2023-05-16T21:53:47","slug":"saisonrueckblick-2022-2023","status":"publish","type":"post","link":"https:\/\/tischtennis-alemannia.de\/en\/2023\/05\/16\/saisonrueckblick-2022-2023\/","title":{"rendered":"Saisonr\u00fcckblick 2022\/2023"},"content":{"rendered":"<div data-elementor-type=\"wp-post\" data-elementor-id=\"4164\" class=\"elementor elementor-4164\">\n\t\t\t\t\t\t<section class=\"elementor-section elementor-top-section elementor-element elementor-element-a40008e elementor-section-boxed elementor-section-height-default elementor-section-height-default\" data-id=\"a40008e\" data-element_type=\"section\" data-e-type=\"section\">\n\t\t\t\t\t\t<div class=\"elementor-container elementor-column-gap-default\">\n\t\t\t\t\t<div class=\"elementor-column elementor-col-100 elementor-top-column elementor-element elementor-element-d4b1401\" data-id=\"d4b1401\" data-element_type=\"column\" data-e-type=\"column\">\n\t\t\t<div class=\"elementor-widget-wrap elementor-element-populated\">\n\t\t\t\t\t\t<div class=\"elementor-element elementor-element-458a38d elementor-widget elementor-widget-text-editor\" data-id=\"458a38d\" data-element_type=\"widget\" data-e-type=\"widget\" data-widget_type=\"text-editor.default\">\n\t\t\t\t<div class=\"elementor-widget-container\">\n\t\t\t\t\t\t\t\t\t<p>Die Entwicklung unser Tischtennis-Abteilung in der letzten Saison l\u00e4\u00dft sich deutlich an unseren zunehmenden Mitgliederzahlen und an den sportlichen Erfolgen der Aktiven ablesen. Das intensive Training im Jugend- und Erwachsenenbereich, sowie die Aufnahme neuer spielstarker Mitglieder haben das spielerische Niveau eheblich angehoben. In dieser Saison fielen dabei f\u00fcr uns f\u00fcnf Meistertitel ab, f\u00fcnf Mannschaften der Damen und Herren schafften den direkten Aufstieg in die n\u00e4chsth\u00f6here Klasse, zwei Jugendmannschaften stiegen schon in der Winterpause eine Klasse h\u00f6her, ein Kreispokal wurde bei den Herren gewonnen. Ansonsten konnten im Rahmen des Mitgliederzuwachses vor der R\u00fcckrunde zu den bestehenden acht Mannschaften noch je eine Mannschaft im Damen-, Herren- und Jugendbereich nachgemeldet werden.<\/p><p>Weiterhin k\u00f6nnen wir im organisatorischen Bereich von vielen positiven Ver\u00e4nderungen und Errungenschaften berichten. Neben der Installation einer gut durchdachten Webseite wurde von unserem Material- und Pressewart Tobias auch ein lesenswerter Newsletter aufgelegt, der jetzt schon mehrfach erschienen ist. Unser Spielmaterial wurde deutlich upgegraded, die Organisation unser Meisterschaftsheimspiele aufgefrischt. In der spielfreien Sommerperiode wird zur Anhebung der Trainingsmotivation und zur Steigerung des Spielspa\u00dfes eine interne Sommer-Cup-Serie angeboten, am externen Sommer-Cup des Verbandes nehmen die ganz motivierten Spieler zus\u00e4tzlich teil.<\/p><p>Nicht unerw\u00e4hnt bleiben soll hier das erfolgreiche Sponsoring der Abteilung, was den Erwerb der vereinsinternen Sportkleidung f\u00fcr jedes Mitglied in erschwinglichen Grenzen halten soll. Neben den Sponsoren m\u00f6chte ich hier insbesondere unserm Sportwart Carsten und Tobias als ma\u00dfgebliche Macher f\u00fcr die genannten Aktivit\u00e4ten und Anstrengungen Dank sagen.<\/p><p>Auf der anderen Seite gibt es in unser ganzen Abteilung, wie auch im Vorstand, viele aktive Mitstreiter und viele helfende H\u00e4nde bei unseren gemeinsamen Unternehmungen, was mich froh macht und in dem Gef\u00fchl best\u00e4rkt, da\u00df wir zu einer echten Gemeinschaft zusammen wachsen.<\/p><p>Eine Erw\u00e4hnung verdient noch unser soziales Engagement au\u00dferhalb der Abteilung, wobei wir einer Gruppe von ukrainischen Jugendlichen seit ca. einem Jahr ein w\u00f6chentliches Training unter muttersprachlicher Leitung in unserer Halle erm\u00f6glichen.<\/p><p>An dieser Stelle will ich es nicht vers\u00e4umen, unser scheidenden Abteilungsleiterin Andrea nochmals ein gro\u00dfes Dankesch\u00f6n zu sagen f\u00fcr 6 Jahre zum Teil intensive und anstrengende Vorstandsarbeit. Andrea, du hast mit Engagement, Besonnenheit und Mutterwitz deine Aufgabe gemeistert und nun den Stab an mich weiter gegeben.<\/p><p>Zu guter Letzt ein Wort zu meiner Person:<\/p><p>Ich bin seit 1985 bei der Alemannia sportlich aktiv und habe in der TT-Abteilung schon einige H\u00f6hen und Tiefen erlebt. Ich war immer stolz bei einem so altehrw\u00fcrdigen Verein zu spielen, den man auch in anderen Teilen Deutschlands kennt. Ich freue mich dar\u00fcber, da\u00df wir alle zusammen drauf und dran sind, an die alten erfolgreichen Zeiten der Alemannia TT-Abteilung anzukn\u00fcpfen und ich freue mich darauf, mit dem neuen Vorstand und mit allen Mitstreitern im Verein etwas Besonderes und vielleicht was Neues in unserer Abteilung erreichen zu k\u00f6nnen.<\/p><p><strong>Euer Eckhard Kleine<\/strong><\/p><p>Abteilungsleiter TT-Abteilung<br \/>Aachener Turn- und Sportverein Alemannia 1900 e.V.<\/p>\t\t\t\t\t\t\t\t<\/div>\n\t\t\t\t<\/div>\n\t\t\t\t\t<\/div>\n\t\t<\/div>\n\t\t\t\t\t<\/div>\n\t\t<\/section>\n\t\t\t\t<\/div>","protected":false},"excerpt":{"rendered":"<p>Die Entwicklung unser Tischtennis-Abteilung in der letzten Saison l\u00e4\u00dft sich deutlich an unseren zunehmenden Mitgliederzahlen und an den sportlichen Erfolgen der Aktiven ablesen. Das intensive&hellip;<\/p>","protected":false},"author":4,"featured_media":4165,"comment_status":"open","ping_status":"open","sticky":false,"template":"","format":"standard","meta":{"inline_featured_image":false,"footnotes":""},"categories":[1],"tags":[],"class_list":["post-4164","post","type-post","status-publish","format-standard","has-post-thumbnail","hentry","category-allgemein"],"yoast_head":"<!-- This site is optimized with the Yoast SEO plugin v24.6 - https:\/\/yoast.com\/wordpress\/plugins\/seo\/ -->\n<title>Saisonr\u00fcckblick 2022\/2023 - Alemannia Aachen<\/title>\n<meta name=\"robots\" content=\"index, follow, max-snippet:-1, max-image-preview:large, max-video-preview:-1\" \/>\n<link rel=\"canonical\" href=\"https:\/\/tischtennis-alemannia.de\/en\/2023\/05\/16\/saisonrueckblick-2022-2023\/\" \/>\n<meta property=\"og:locale\" content=\"en_GB\" \/>\n<meta property=\"og:type\" content=\"article\" \/>\n<meta property=\"og:title\" content=\"Saisonr\u00fcckblick 2022\/2023 - Alemannia Aachen\" \/>\n<meta property=\"og:description\" content=\"Die Entwicklung unser Tischtennis-Abteilung in der letzten Saison l\u00e4\u00dft sich deutlich an unseren zunehmenden Mitgliederzahlen und an den sportlichen Erfolgen der Aktiven ablesen. Das intensive&hellip;\" \/>\n<meta property=\"og:url\" content=\"https:\/\/tischtennis-alemannia.de\/en\/2023\/05\/16\/saisonrueckblick-2022-2023\/\" \/>\n<meta property=\"og:site_name\" content=\"Alemannia Aachen\" \/>\n<meta property=\"article:published_time\" content=\"2023-05-16T21:47:51+00:00\" \/>\n<meta property=\"article:modified_time\" content=\"2023-05-16T21:53:47+00:00\" \/>\n<meta property=\"og:image\" content=\"https:\/\/tischtennis-alemannia.de\/wp-content\/uploads\/2023\/05\/saisonrueckblick22-23.jpg\" \/>\n\t<meta property=\"og:image:width\" content=\"621\" \/>\n\t<meta property=\"og:image:height\" content=\"506\" \/>\n\t<meta property=\"og:image:type\" content=\"image\/jpeg\" \/>\n<meta name=\"author\" content=\"Eckhard Kleine\" \/>\n<meta name=\"twitter:card\" content=\"summary_large_image\" \/>\n<meta name=\"twitter:label1\" content=\"Written by\" \/>\n\t<meta name=\"twitter:data1\" content=\"Eckhard Kleine\" \/>\n\t<meta name=\"twitter:label2\" content=\"Estimated reading time\" \/>\n\t<meta name=\"twitter:data2\" content=\"3 minutes\" \/>\n<script type=\"application\/ld+json\" class=\"yoast-schema-graph\">{\"@context\":\"https:\/\/schema.org\",\"@graph\":[{\"@type\":\"Article\",\"@id\":\"https:\/\/tischtennis-alemannia.de\/2023\/05\/16\/saisonrueckblick-2022-2023\/#article\",\"isPartOf\":{\"@id\":\"https:\/\/tischtennis-alemannia.de\/2023\/05\/16\/saisonrueckblick-2022-2023\/\"},\"author\":{\"name\":\"Eckhard Kleine\",\"@id\":\"https:\/\/tischtennis-alemannia.de\/#\/schema\/person\/825e2b1c9a44e46bf26af3fa1417d5d9\"},\"headline\":\"Saisonr\u00fcckblick 2022\/2023\",\"datePublished\":\"2023-05-16T21:47:51+00:00\",\"dateModified\":\"2023-05-16T21:53:47+00:00\",\"mainEntityOfPage\":{\"@id\":\"https:\/\/tischtennis-alemannia.de\/2023\/05\/16\/saisonrueckblick-2022-2023\/\"},\"wordCount\":492,\"commentCount\":0,\"publisher\":{\"@id\":\"https:\/\/tischtennis-alemannia.de\/#organization\"},\"image\":{\"@id\":\"https:\/\/tischtennis-alemannia.de\/2023\/05\/16\/saisonrueckblick-2022-2023\/#primaryimage\"},\"thumbnailUrl\":\"https:\/\/tischtennis-alemannia.de\/wp-content\/uploads\/2023\/05\/saisonrueckblick22-23.jpg\",\"articleSection\":[\"Allgemein\"],\"inLanguage\":\"en-GB\",\"potentialAction\":[{\"@type\":\"CommentAction\",\"name\":\"Comment\",\"target\":[\"https:\/\/tischtennis-alemannia.de\/2023\/05\/16\/saisonrueckblick-2022-2023\/#respond\"]}]},{\"@type\":\"WebPage\",\"@id\":\"https:\/\/tischtennis-alemannia.de\/2023\/05\/16\/saisonrueckblick-2022-2023\/\",\"url\":\"https:\/\/tischtennis-alemannia.de\/2023\/05\/16\/saisonrueckblick-2022-2023\/\",\"name\":\"Saisonr\u00fcckblick 2022\/2023 - Alemannia Aachen\",\"isPartOf\":{\"@id\":\"https:\/\/tischtennis-alemannia.de\/#website\"},\"primaryImageOfPage\":{\"@id\":\"https:\/\/tischtennis-alemannia.de\/2023\/05\/16\/saisonrueckblick-2022-2023\/#primaryimage\"},\"image\":{\"@id\":\"https:\/\/tischtennis-alemannia.de\/2023\/05\/16\/saisonrueckblick-2022-2023\/#primaryimage\"},\"thumbnailUrl\":\"https:\/\/tischtennis-alemannia.de\/wp-content\/uploads\/2023\/05\/saisonrueckblick22-23.jpg\",\"datePublished\":\"2023-05-16T21:47:51+00:00\",\"dateModified\":\"2023-05-16T21:53:47+00:00\",\"breadcrumb\":{\"@id\":\"https:\/\/tischtennis-alemannia.de\/2023\/05\/16\/saisonrueckblick-2022-2023\/#breadcrumb\"},\"inLanguage\":\"en-GB\",\"potentialAction\":[{\"@type\":\"ReadAction\",\"target\":[\"https:\/\/tischtennis-alemannia.de\/2023\/05\/16\/saisonrueckblick-2022-2023\/\"]}]},{\"@type\":\"ImageObject\",\"inLanguage\":\"en-GB\",\"@id\":\"https:\/\/tischtennis-alemannia.de\/2023\/05\/16\/saisonrueckblick-2022-2023\/#primaryimage\",\"url\":\"https:\/\/tischtennis-alemannia.de\/wp-content\/uploads\/2023\/05\/saisonrueckblick22-23.jpg\",\"contentUrl\":\"https:\/\/tischtennis-alemannia.de\/wp-content\/uploads\/2023\/05\/saisonrueckblick22-23.jpg\",\"width\":621,\"height\":506},{\"@type\":\"BreadcrumbList\",\"@id\":\"https:\/\/tischtennis-alemannia.de\/2023\/05\/16\/saisonrueckblick-2022-2023\/#breadcrumb\",\"itemListElement\":[{\"@type\":\"ListItem\",\"position\":1,\"name\":\"Startseite\",\"item\":\"https:\/\/tischtennis-alemannia.de\/\"},{\"@type\":\"ListItem\",\"position\":2,\"name\":\"Saisonr\u00fcckblick 2022\/2023\"}]},{\"@type\":\"WebSite\",\"@id\":\"https:\/\/tischtennis-alemannia.de\/#website\",\"url\":\"https:\/\/tischtennis-alemannia.de\/\",\"name\":\"Alemannia Aachen\",\"description\":\"Webseite der Alemannia Aachen: Abteilung Tischtennis\",\"publisher\":{\"@id\":\"https:\/\/tischtennis-alemannia.de\/#organization\"},\"potentialAction\":[{\"@type\":\"SearchAction\",\"target\":{\"@type\":\"EntryPoint\",\"urlTemplate\":\"https:\/\/tischtennis-alemannia.de\/?s={search_term_string}\"},\"query-input\":{\"@type\":\"PropertyValueSpecification\",\"valueRequired\":true,\"valueName\":\"search_term_string\"}}],\"inLanguage\":\"en-GB\"},{\"@type\":\"Organization\",\"@id\":\"https:\/\/tischtennis-alemannia.de\/#organization\",\"name\":\"Alemannia Aachen\",\"url\":\"https:\/\/tischtennis-alemannia.de\/\",\"logo\":{\"@type\":\"ImageObject\",\"inLanguage\":\"en-GB\",\"@id\":\"https:\/\/tischtennis-alemannia.de\/#\/schema\/logo\/image\/\",\"url\":\"https:\/\/tischtennis-alemannia.de\/wp-content\/uploads\/2022\/03\/Alemannia_Aachen_2010.svg.png\",\"contentUrl\":\"https:\/\/tischtennis-alemannia.de\/wp-content\/uploads\/2022\/03\/Alemannia_Aachen_2010.svg.png\",\"width\":800,\"height\":949,\"caption\":\"Alemannia Aachen\"},\"image\":{\"@id\":\"https:\/\/tischtennis-alemannia.de\/#\/schema\/logo\/image\/\"}},{\"@type\":\"Person\",\"@id\":\"https:\/\/tischtennis-alemannia.de\/#\/schema\/person\/825e2b1c9a44e46bf26af3fa1417d5d9\",\"name\":\"Eckhard Kleine\",\"image\":{\"@type\":\"ImageObject\",\"inLanguage\":\"en-GB\",\"@id\":\"https:\/\/tischtennis-alemannia.de\/#\/schema\/person\/image\/\",\"url\":\"https:\/\/secure.gravatar.com\/avatar\/bdb25042b87d57de138cf1f50cd6093f6b3096bdcf025b1fc6db4903825db46f?s=96&d=mm&r=g\",\"contentUrl\":\"https:\/\/secure.gravatar.com\/avatar\/bdb25042b87d57de138cf1f50cd6093f6b3096bdcf025b1fc6db4903825db46f?s=96&d=mm&r=g\",\"caption\":\"Eckhard Kleine\"},\"url\":\"https:\/\/tischtennis-alemannia.de\/en\/author\/eckhardkleine\/\"}]}<\/script>\n<!-- \/ Yoast SEO plugin. -->","yoast_head_json":{"title":"Saisonr\u00fcckblick 2022\/2023 - Alemannia Aachen","robots":{"index":"index","follow":"follow","max-snippet":"max-snippet:-1","max-image-preview":"max-image-preview:large","max-video-preview":"max-video-preview:-1"},"canonical":"https:\/\/tischtennis-alemannia.de\/en\/2023\/05\/16\/saisonrueckblick-2022-2023\/","og_locale":"en_GB","og_type":"article","og_title":"Saisonr\u00fcckblick 2022\/2023 - Alemannia Aachen","og_description":"Die Entwicklung unser Tischtennis-Abteilung in der letzten Saison l\u00e4\u00dft sich deutlich an unseren zunehmenden Mitgliederzahlen und an den sportlichen Erfolgen der Aktiven ablesen. Das intensive&hellip;","og_url":"https:\/\/tischtennis-alemannia.de\/en\/2023\/05\/16\/saisonrueckblick-2022-2023\/","og_site_name":"Alemannia Aachen","article_published_time":"2023-05-16T21:47:51+00:00","article_modified_time":"2023-05-16T21:53:47+00:00","og_image":[{"width":621,"height":506,"url":"https:\/\/tischtennis-alemannia.de\/wp-content\/uploads\/2023\/05\/saisonrueckblick22-23.jpg","type":"image\/jpeg"}],"author":"Eckhard Kleine","twitter_card":"summary_large_image","twitter_misc":{"Written by":"Eckhard Kleine","Estimated reading time":"3 minutes"},"schema":{"@context":"https:\/\/schema.org","@graph":[{"@type":"Article","@id":"https:\/\/tischtennis-alemannia.de\/2023\/05\/16\/saisonrueckblick-2022-2023\/#article","isPartOf":{"@id":"https:\/\/tischtennis-alemannia.de\/2023\/05\/16\/saisonrueckblick-2022-2023\/"},"author":{"name":"Eckhard Kleine","@id":"https:\/\/tischtennis-alemannia.de\/#\/schema\/person\/825e2b1c9a44e46bf26af3fa1417d5d9"},"headline":"Saisonr\u00fcckblick 2022\/2023","datePublished":"2023-05-16T21:47:51+00:00","dateModified":"2023-05-16T21:53:47+00:00","mainEntityOfPage":{"@id":"https:\/\/tischtennis-alemannia.de\/2023\/05\/16\/saisonrueckblick-2022-2023\/"},"wordCount":492,"commentCount":0,"publisher":{"@id":"https:\/\/tischtennis-alemannia.de\/#organization"},"image":{"@id":"https:\/\/tischtennis-alemannia.de\/2023\/05\/16\/saisonrueckblick-2022-2023\/#primaryimage"},"thumbnailUrl":"https:\/\/tischtennis-alemannia.de\/wp-content\/uploads\/2023\/05\/saisonrueckblick22-23.jpg","articleSection":["Allgemein"],"inLanguage":"en-GB","potentialAction":[{"@type":"CommentAction","name":"Comment","target":["https:\/\/tischtennis-alemannia.de\/2023\/05\/16\/saisonrueckblick-2022-2023\/#respond"]}]},{"@type":"WebPage","@id":"https:\/\/tischtennis-alemannia.de\/2023\/05\/16\/saisonrueckblick-2022-2023\/","url":"https:\/\/tischtennis-alemannia.de\/2023\/05\/16\/saisonrueckblick-2022-2023\/","name":"Saisonr\u00fcckblick 2022\/2023 - Alemannia Aachen","isPartOf":{"@id":"https:\/\/tischtennis-alemannia.de\/#website"},"primaryImageOfPage":{"@id":"https:\/\/tischtennis-alemannia.de\/2023\/05\/16\/saisonrueckblick-2022-2023\/#primaryimage"},"image":{"@id":"https:\/\/tischtennis-alemannia.de\/2023\/05\/16\/saisonrueckblick-2022-2023\/#primaryimage"},"thumbnailUrl":"https:\/\/tischtennis-alemannia.de\/wp-content\/uploads\/2023\/05\/saisonrueckblick22-23.jpg","datePublished":"2023-05-16T21:47:51+00:00","dateModified":"2023-05-16T21:53:47+00:00","breadcrumb":{"@id":"https:\/\/tischtennis-alemannia.de\/2023\/05\/16\/saisonrueckblick-2022-2023\/#breadcrumb"},"inLanguage":"en-GB","potentialAction":[{"@type":"ReadAction","target":["https:\/\/tischtennis-alemannia.de\/2023\/05\/16\/saisonrueckblick-2022-2023\/"]}]},{"@type":"ImageObject","inLanguage":"en-GB","@id":"https:\/\/tischtennis-alemannia.de\/2023\/05\/16\/saisonrueckblick-2022-2023\/#primaryimage","url":"https:\/\/tischtennis-alemannia.de\/wp-content\/uploads\/2023\/05\/saisonrueckblick22-23.jpg","contentUrl":"https:\/\/tischtennis-alemannia.de\/wp-content\/uploads\/2023\/05\/saisonrueckblick22-23.jpg","width":621,"height":506},{"@type":"BreadcrumbList","@id":"https:\/\/tischtennis-alemannia.de\/2023\/05\/16\/saisonrueckblick-2022-2023\/#breadcrumb","itemListElement":[{"@type":"ListItem","position":1,"name":"Startseite","item":"https:\/\/tischtennis-alemannia.de\/"},{"@type":"ListItem","position":2,"name":"Saisonr\u00fcckblick 2022\/2023"}]},{"@type":"WebSite","@id":"https:\/\/tischtennis-alemannia.de\/#website","url":"https:\/\/tischtennis-alemannia.de\/","name":"Alemannia Aachen","description":"Webseite of Alemannia Aachen: Division Tabletennis","publisher":{"@id":"https:\/\/tischtennis-alemannia.de\/#organization"},"potentialAction":[{"@type":"SearchAction","target":{"@type":"EntryPoint","urlTemplate":"https:\/\/tischtennis-alemannia.de\/?s={search_term_string}"},"query-input":{"@type":"PropertyValueSpecification","valueRequired":true,"valueName":"search_term_string"}}],"inLanguage":"en-GB"},{"@type":"Organization","@id":"https:\/\/tischtennis-alemannia.de\/#organization","name":"Alemannia Aachen","url":"https:\/\/tischtennis-alemannia.de\/","logo":{"@type":"ImageObject","inLanguage":"en-GB","@id":"https:\/\/tischtennis-alemannia.de\/#\/schema\/logo\/image\/","url":"https:\/\/tischtennis-alemannia.de\/wp-content\/uploads\/2022\/03\/Alemannia_Aachen_2010.svg.png","contentUrl":"https:\/\/tischtennis-alemannia.de\/wp-content\/uploads\/2022\/03\/Alemannia_Aachen_2010.svg.png","width":800,"height":949,"caption":"Alemannia Aachen"},"image":{"@id":"https:\/\/tischtennis-alemannia.de\/#\/schema\/logo\/image\/"}},{"@type":"Person","@id":"https:\/\/tischtennis-alemannia.de\/#\/schema\/person\/825e2b1c9a44e46bf26af3fa1417d5d9","name":"Eckhard Kleine","image":{"@type":"ImageObject","inLanguage":"en-GB","@id":"https:\/\/tischtennis-alemannia.de\/#\/schema\/person\/image\/","url":"https:\/\/secure.gravatar.com\/avatar\/bdb25042b87d57de138cf1f50cd6093f6b3096bdcf025b1fc6db4903825db46f?s=96&d=mm&r=g","contentUrl":"https:\/\/secure.gravatar.com\/avatar\/bdb25042b87d57de138cf1f50cd6093f6b3096bdcf025b1fc6db4903825db46f?s=96&d=mm&r=g","caption":"Eckhard Kleine"},"url":"https:\/\/tischtennis-alemannia.de\/en\/author\/eckhardkleine\/"}]}},"rttpg_featured_image_url":{"full":["https:\/\/tischtennis-alemannia.de\/wp-content\/uploads\/2023\/05\/saisonrueckblick22-23.jpg",621,506,false],"landscape":["https:\/\/tischtennis-alemannia.de\/wp-content\/uploads\/2023\/05\/saisonrueckblick22-23.jpg",621,506,false],"portraits":["https:\/\/tischtennis-alemannia.de\/wp-content\/uploads\/2023\/05\/saisonrueckblick22-23.jpg",621,506,false],"thumbnail":["https:\/\/tischtennis-alemannia.de\/wp-content\/uploads\/2023\/05\/saisonrueckblick22-23-450x300.jpg",450,300,true],"medium":["https:\/\/tischtennis-alemannia.de\/wp-content\/uploads\/2023\/05\/saisonrueckblick22-23-300x244.jpg",300,244,true],"large":["https:\/\/tischtennis-alemannia.de\/wp-content\/uploads\/2023\/05\/saisonrueckblick22-23.jpg",621,506,false],"1536x1536":["https:\/\/tischtennis-alemannia.de\/wp-content\/uploads\/2023\/05\/saisonrueckblick22-23.jpg",621,506,false],"2048x2048":["https:\/\/tischtennis-alemannia.de\/wp-content\/uploads\/2023\/05\/saisonrueckblick22-23.jpg",621,506,false],"trp-custom-language-flag":["https:\/\/tischtennis-alemannia.de\/wp-content\/uploads\/2023\/05\/saisonrueckblick22-23-15x12.jpg",15,12,true],"blog-list-post-size":["https:\/\/tischtennis-alemannia.de\/wp-content\/uploads\/2023\/05\/saisonrueckblick22-23-350x285.jpg",350,285,true]},"rttpg_author":{"display_name":"Eckhard Kleine","author_link":"https:\/\/tischtennis-alemannia.de\/en\/author\/eckhardkleine\/"},"rttpg_comment":0,"rttpg_category":"<a href=\"https:\/\/tischtennis-alemannia.de\/en\/category\/allgemein\/\" rel=\"category tag\">Allgemein<\/a>","rttpg_excerpt":"Die Entwicklung unser Tischtennis-Abteilung in der letzten Saison l\u00e4\u00dft sich deutlich an unseren zunehmenden Mitgliederzahlen und an den sportlichen Erfolgen der Aktiven ablesen. Das intensive&hellip;","_links":{"self":[{"href":"https:\/\/tischtennis-alemannia.de\/en\/wp-json\/wp\/v2\/posts\/4164","targetHints":{"allow":["GET"]}}],"collection":[{"href":"https:\/\/tischtennis-alemannia.de\/en\/wp-json\/wp\/v2\/posts"}],"about":[{"href":"https:\/\/tischtennis-alemannia.de\/en\/wp-json\/wp\/v2\/types\/post"}],"author":[{"embeddable":true,"href":"https:\/\/tischtennis-alemannia.de\/en\/wp-json\/wp\/v2\/users\/4"}],"replies":[{"embeddable":true,"href":"https:\/\/tischtennis-alemannia.de\/en\/wp-json\/wp\/v2\/comments?post=4164"}],"version-history":[{"count":8,"href":"https:\/\/tischtennis-alemannia.de\/en\/wp-json\/wp\/v2\/posts\/4164\/revisions"}],"predecessor-version":[{"id":4174,"href":"https:\/\/tischtennis-alemannia.de\/en\/wp-json\/wp\/v2\/posts\/4164\/revisions\/4174"}],"wp:featuredmedia":[{"embeddable":true,"href":"https:\/\/tischtennis-alemannia.de\/en\/wp-json\/wp\/v2\/media\/4165"}],"wp:attachment":[{"href":"https:\/\/tischtennis-alemannia.de\/en\/wp-json\/wp\/v2\/media?parent=4164"}],"wp:term":[{"taxonomy":"category","embeddable":true,"href":"https:\/\/tischtennis-alemannia.de\/en\/wp-json\/wp\/v2\/categories?post=4164"},{"taxonomy":"post_tag","embeddable":true,"href":"https:\/\/tischtennis-alemannia.de\/en\/wp-json\/wp\/v2\/tags?post=4164"}],"curies":[{"name":"wp","href":"https:\/\/api.w.org\/{rel}","templated":true}]}}