{"id":4059,"date":"2023-05-07T12:30:01","date_gmt":"2023-05-07T10:30:01","guid":{"rendered":"https:\/\/tischtennis-alemannia.de\/?p=4059"},"modified":"2023-05-07T12:43:00","modified_gmt":"2023-05-07T10:43:00","slug":"jahreshauptversammlung-2023","status":"publish","type":"post","link":"https:\/\/tischtennis-alemannia.de\/en\/2023\/05\/07\/jahreshauptversammlung-2023\/","title":{"rendered":"Jahreshauptversammlung 2023"},"content":{"rendered":"<div data-elementor-type=\"wp-post\" data-elementor-id=\"4059\" class=\"elementor elementor-4059\">\n\t\t\t\t\t\t<section class=\"elementor-section elementor-top-section elementor-element elementor-element-f3b118b elementor-section-boxed elementor-section-height-default elementor-section-height-default\" data-id=\"f3b118b\" data-element_type=\"section\" data-e-type=\"section\">\n\t\t\t\t\t\t<div class=\"elementor-container elementor-column-gap-default\">\n\t\t\t\t\t<div class=\"elementor-column elementor-col-100 elementor-top-column elementor-element elementor-element-d3b97f7\" data-id=\"d3b97f7\" data-element_type=\"column\" data-e-type=\"column\">\n\t\t\t<div class=\"elementor-widget-wrap elementor-element-populated\">\n\t\t\t\t\t\t<div class=\"elementor-element elementor-element-a2ade76 elementor-widget elementor-widget-image\" data-id=\"a2ade76\" data-element_type=\"widget\" data-e-type=\"widget\" data-widget_type=\"image.default\">\n\t\t\t\t<div class=\"elementor-widget-container\">\n\t\t\t\t\t\t\t\t\t\t\t\t\t\t\t<img fetchpriority=\"high\" decoding=\"async\" width=\"530\" height=\"641\" src=\"https:\/\/tischtennis-alemannia.de\/wp-content\/uploads\/2023\/05\/einladung-jhv2023.jpg\" class=\"attachment-large size-large wp-image-4063\" alt=\"\" \/>\t\t\t\t\t\t\t\t\t\t\t\t\t\t\t<\/div>\n\t\t\t\t<\/div>\n\t\t\t\t\t<\/div>\n\t\t<\/div>\n\t\t\t\t\t<\/div>\n\t\t<\/section>\n\t\t\t\t<section class=\"elementor-section elementor-top-section elementor-element elementor-element-4b70296 elementor-section-boxed elementor-section-height-default elementor-section-height-default\" data-id=\"4b70296\" data-element_type=\"section\" data-e-type=\"section\">\n\t\t\t\t\t\t<div class=\"elementor-container elementor-column-gap-default\">\n\t\t\t\t\t<div class=\"elementor-column elementor-col-100 elementor-top-column elementor-element elementor-element-0c1dece\" data-id=\"0c1dece\" data-element_type=\"column\" data-e-type=\"column\">\n\t\t\t<div class=\"elementor-widget-wrap elementor-element-populated\">\n\t\t\t\t\t\t<div class=\"elementor-element elementor-element-0bf15d8 elementor-widget elementor-widget-text-editor\" data-id=\"0bf15d8\" data-element_type=\"widget\" data-e-type=\"widget\" data-widget_type=\"text-editor.default\">\n\t\t\t\t<div class=\"elementor-widget-container\">\n\t\t\t\t\t\t\t\t\t<p>Wir hoffen, dasss Ihr am Mittwoch zu unserer gemeinsamen Jahreshauptversammlung kommen werdet. Wir haben sehr viele neue Mitglieder in den letzten Monaten gewinnen k\u00f6nnen und die Jahreshauptversammlung ist eine M\u00f6glichkeit, dass wir uns alle einmal kennenlernen. Da wir so viele Trainingsm\u00f6glichkeiten haben kennen sich viele gar nicht! Daher freuen wir uns auf euch und hoffen, dass ganz viele von uns bei der JHV dabei sind. Wir werden die Versammlung auch so kurz wie m\u00f6glich halten! Versprochen! Bis Mittwoch!<\/p>\t\t\t\t\t\t\t\t<\/div>\n\t\t\t\t<\/div>\n\t\t\t\t\t<\/div>\n\t\t<\/div>\n\t\t\t\t\t<\/div>\n\t\t<\/section>\n\t\t\t\t<\/div>","protected":false},"excerpt":{"rendered":"<p>Wir hoffen, dasss Ihr am Mittwoch zu unserer gemeinsamen Jahreshauptversammlung kommen werdet. Wir haben sehr viele neue Mitglieder in den letzten Monaten gewinnen k\u00f6nnen und&hellip;<\/p>","protected":false},"author":2,"featured_media":4060,"comment_status":"open","ping_status":"open","sticky":false,"template":"","format":"standard","meta":{"inline_featured_image":false,"footnotes":""},"categories":[1],"tags":[],"class_list":["post-4059","post","type-post","status-publish","format-standard","has-post-thumbnail","hentry","category-allgemein"],"yoast_head":"<!-- This site is optimized with the Yoast SEO plugin v24.6 - https:\/\/yoast.com\/wordpress\/plugins\/seo\/ -->\n<title>Jahreshauptversammlung 2023 - Alemannia Aachen<\/title>\n<meta name=\"robots\" content=\"index, follow, max-snippet:-1, max-image-preview:large, max-video-preview:-1\" \/>\n<link rel=\"canonical\" href=\"https:\/\/tischtennis-alemannia.de\/en\/2023\/05\/07\/jahreshauptversammlung-2023\/\" \/>\n<meta property=\"og:locale\" content=\"en_GB\" \/>\n<meta property=\"og:type\" content=\"article\" \/>\n<meta property=\"og:title\" content=\"Jahreshauptversammlung 2023 - Alemannia Aachen\" \/>\n<meta property=\"og:description\" content=\"Wir hoffen, dasss Ihr am Mittwoch zu unserer gemeinsamen Jahreshauptversammlung kommen werdet. Wir haben sehr viele neue Mitglieder in den letzten Monaten gewinnen k\u00f6nnen und&hellip;\" \/>\n<meta property=\"og:url\" content=\"https:\/\/tischtennis-alemannia.de\/en\/2023\/05\/07\/jahreshauptversammlung-2023\/\" \/>\n<meta property=\"og:site_name\" content=\"Alemannia Aachen\" \/>\n<meta property=\"article:published_time\" content=\"2023-05-07T10:30:01+00:00\" \/>\n<meta property=\"article:modified_time\" content=\"2023-05-07T10:43:00+00:00\" \/>\n<meta property=\"og:image\" content=\"https:\/\/tischtennis-alemannia.de\/wp-content\/uploads\/2023\/05\/titel-jhv2023.jpg\" \/>\n\t<meta property=\"og:image:width\" content=\"955\" \/>\n\t<meta property=\"og:image:height\" content=\"773\" \/>\n\t<meta property=\"og:image:type\" content=\"image\/jpeg\" \/>\n<meta name=\"author\" content=\"Tobias Hins\" \/>\n<meta name=\"twitter:card\" content=\"summary_large_image\" \/>\n<meta name=\"twitter:label1\" content=\"Written by\" \/>\n\t<meta name=\"twitter:data1\" content=\"Tobias Hins\" \/>\n\t<meta name=\"twitter:label2\" content=\"Estimated reading time\" \/>\n\t<meta name=\"twitter:data2\" content=\"1 minute\" \/>\n<script type=\"application\/ld+json\" class=\"yoast-schema-graph\">{\"@context\":\"https:\/\/schema.org\",\"@graph\":[{\"@type\":\"Article\",\"@id\":\"https:\/\/tischtennis-alemannia.de\/2023\/05\/07\/jahreshauptversammlung-2023\/#article\",\"isPartOf\":{\"@id\":\"https:\/\/tischtennis-alemannia.de\/2023\/05\/07\/jahreshauptversammlung-2023\/\"},\"author\":{\"name\":\"Tobias Hins\",\"@id\":\"https:\/\/tischtennis-alemannia.de\/#\/schema\/person\/b93c5570f42fcfb351dfaae37b4ae4a7\"},\"headline\":\"Jahreshauptversammlung 2023\",\"datePublished\":\"2023-05-07T10:30:01+00:00\",\"dateModified\":\"2023-05-07T10:43:00+00:00\",\"mainEntityOfPage\":{\"@id\":\"https:\/\/tischtennis-alemannia.de\/2023\/05\/07\/jahreshauptversammlung-2023\/\"},\"wordCount\":83,\"commentCount\":0,\"publisher\":{\"@id\":\"https:\/\/tischtennis-alemannia.de\/#organization\"},\"image\":{\"@id\":\"https:\/\/tischtennis-alemannia.de\/2023\/05\/07\/jahreshauptversammlung-2023\/#primaryimage\"},\"thumbnailUrl\":\"https:\/\/tischtennis-alemannia.de\/wp-content\/uploads\/2023\/05\/titel-jhv2023.jpg\",\"articleSection\":[\"Allgemein\"],\"inLanguage\":\"en-GB\",\"potentialAction\":[{\"@type\":\"CommentAction\",\"name\":\"Comment\",\"target\":[\"https:\/\/tischtennis-alemannia.de\/2023\/05\/07\/jahreshauptversammlung-2023\/#respond\"]}]},{\"@type\":\"WebPage\",\"@id\":\"https:\/\/tischtennis-alemannia.de\/2023\/05\/07\/jahreshauptversammlung-2023\/\",\"url\":\"https:\/\/tischtennis-alemannia.de\/2023\/05\/07\/jahreshauptversammlung-2023\/\",\"name\":\"Jahreshauptversammlung 2023 - Alemannia Aachen\",\"isPartOf\":{\"@id\":\"https:\/\/tischtennis-alemannia.de\/#website\"},\"primaryImageOfPage\":{\"@id\":\"https:\/\/tischtennis-alemannia.de\/2023\/05\/07\/jahreshauptversammlung-2023\/#primaryimage\"},\"image\":{\"@id\":\"https:\/\/tischtennis-alemannia.de\/2023\/05\/07\/jahreshauptversammlung-2023\/#primaryimage\"},\"thumbnailUrl\":\"https:\/\/tischtennis-alemannia.de\/wp-content\/uploads\/2023\/05\/titel-jhv2023.jpg\",\"datePublished\":\"2023-05-07T10:30:01+00:00\",\"dateModified\":\"2023-05-07T10:43:00+00:00\",\"breadcrumb\":{\"@id\":\"https:\/\/tischtennis-alemannia.de\/2023\/05\/07\/jahreshauptversammlung-2023\/#breadcrumb\"},\"inLanguage\":\"en-GB\",\"potentialAction\":[{\"@type\":\"ReadAction\",\"target\":[\"https:\/\/tischtennis-alemannia.de\/2023\/05\/07\/jahreshauptversammlung-2023\/\"]}]},{\"@type\":\"ImageObject\",\"inLanguage\":\"en-GB\",\"@id\":\"https:\/\/tischtennis-alemannia.de\/2023\/05\/07\/jahreshauptversammlung-2023\/#primaryimage\",\"url\":\"https:\/\/tischtennis-alemannia.de\/wp-content\/uploads\/2023\/05\/titel-jhv2023.jpg\",\"contentUrl\":\"https:\/\/tischtennis-alemannia.de\/wp-content\/uploads\/2023\/05\/titel-jhv2023.jpg\",\"width\":955,\"height\":773},{\"@type\":\"BreadcrumbList\",\"@id\":\"https:\/\/tischtennis-alemannia.de\/2023\/05\/07\/jahreshauptversammlung-2023\/#breadcrumb\",\"itemListElement\":[{\"@type\":\"ListItem\",\"position\":1,\"name\":\"Startseite\",\"item\":\"https:\/\/tischtennis-alemannia.de\/\"},{\"@type\":\"ListItem\",\"position\":2,\"name\":\"Jahreshauptversammlung 2023\"}]},{\"@type\":\"WebSite\",\"@id\":\"https:\/\/tischtennis-alemannia.de\/#website\",\"url\":\"https:\/\/tischtennis-alemannia.de\/\",\"name\":\"Alemannia Aachen\",\"description\":\"Webseite der Alemannia Aachen: Abteilung Tischtennis\",\"publisher\":{\"@id\":\"https:\/\/tischtennis-alemannia.de\/#organization\"},\"potentialAction\":[{\"@type\":\"SearchAction\",\"target\":{\"@type\":\"EntryPoint\",\"urlTemplate\":\"https:\/\/tischtennis-alemannia.de\/?s={search_term_string}\"},\"query-input\":{\"@type\":\"PropertyValueSpecification\",\"valueRequired\":true,\"valueName\":\"search_term_string\"}}],\"inLanguage\":\"en-GB\"},{\"@type\":\"Organization\",\"@id\":\"https:\/\/tischtennis-alemannia.de\/#organization\",\"name\":\"Alemannia Aachen\",\"url\":\"https:\/\/tischtennis-alemannia.de\/\",\"logo\":{\"@type\":\"ImageObject\",\"inLanguage\":\"en-GB\",\"@id\":\"https:\/\/tischtennis-alemannia.de\/#\/schema\/logo\/image\/\",\"url\":\"https:\/\/tischtennis-alemannia.de\/wp-content\/uploads\/2022\/03\/Alemannia_Aachen_2010.svg.png\",\"contentUrl\":\"https:\/\/tischtennis-alemannia.de\/wp-content\/uploads\/2022\/03\/Alemannia_Aachen_2010.svg.png\",\"width\":800,\"height\":949,\"caption\":\"Alemannia Aachen\"},\"image\":{\"@id\":\"https:\/\/tischtennis-alemannia.de\/#\/schema\/logo\/image\/\"}},{\"@type\":\"Person\",\"@id\":\"https:\/\/tischtennis-alemannia.de\/#\/schema\/person\/b93c5570f42fcfb351dfaae37b4ae4a7\",\"name\":\"Tobias Hins\",\"image\":{\"@type\":\"ImageObject\",\"inLanguage\":\"en-GB\",\"@id\":\"https:\/\/tischtennis-alemannia.de\/#\/schema\/person\/image\/\",\"url\":\"https:\/\/secure.gravatar.com\/avatar\/143937a5db56ca610f35c33852425f384831aeaf8ef8f2a1ceaeffa5709e7d76?s=96&d=mm&r=g\",\"contentUrl\":\"https:\/\/secure.gravatar.com\/avatar\/143937a5db56ca610f35c33852425f384831aeaf8ef8f2a1ceaeffa5709e7d76?s=96&d=mm&r=g\",\"caption\":\"Tobias Hins\"},\"url\":\"https:\/\/tischtennis-alemannia.de\/en\/author\/tobiashins\/\"}]}<\/script>\n<!-- \/ Yoast SEO plugin. -->","yoast_head_json":{"title":"Jahreshauptversammlung 2023 - Alemannia Aachen","robots":{"index":"index","follow":"follow","max-snippet":"max-snippet:-1","max-image-preview":"max-image-preview:large","max-video-preview":"max-video-preview:-1"},"canonical":"https:\/\/tischtennis-alemannia.de\/en\/2023\/05\/07\/jahreshauptversammlung-2023\/","og_locale":"en_GB","og_type":"article","og_title":"Jahreshauptversammlung 2023 - Alemannia Aachen","og_description":"Wir hoffen, dasss Ihr am Mittwoch zu unserer gemeinsamen Jahreshauptversammlung kommen werdet. Wir haben sehr viele neue Mitglieder in den letzten Monaten gewinnen k\u00f6nnen und&hellip;","og_url":"https:\/\/tischtennis-alemannia.de\/en\/2023\/05\/07\/jahreshauptversammlung-2023\/","og_site_name":"Alemannia Aachen","article_published_time":"2023-05-07T10:30:01+00:00","article_modified_time":"2023-05-07T10:43:00+00:00","og_image":[{"width":955,"height":773,"url":"https:\/\/tischtennis-alemannia.de\/wp-content\/uploads\/2023\/05\/titel-jhv2023.jpg","type":"image\/jpeg"}],"author":"Tobias Hins","twitter_card":"summary_large_image","twitter_misc":{"Written by":"Tobias Hins","Estimated reading time":"1 minute"},"schema":{"@context":"https:\/\/schema.org","@graph":[{"@type":"Article","@id":"https:\/\/tischtennis-alemannia.de\/2023\/05\/07\/jahreshauptversammlung-2023\/#article","isPartOf":{"@id":"https:\/\/tischtennis-alemannia.de\/2023\/05\/07\/jahreshauptversammlung-2023\/"},"author":{"name":"Tobias Hins","@id":"https:\/\/tischtennis-alemannia.de\/#\/schema\/person\/b93c5570f42fcfb351dfaae37b4ae4a7"},"headline":"Jahreshauptversammlung 2023","datePublished":"2023-05-07T10:30:01+00:00","dateModified":"2023-05-07T10:43:00+00:00","mainEntityOfPage":{"@id":"https:\/\/tischtennis-alemannia.de\/2023\/05\/07\/jahreshauptversammlung-2023\/"},"wordCount":83,"commentCount":0,"publisher":{"@id":"https:\/\/tischtennis-alemannia.de\/#organization"},"image":{"@id":"https:\/\/tischtennis-alemannia.de\/2023\/05\/07\/jahreshauptversammlung-2023\/#primaryimage"},"thumbnailUrl":"https:\/\/tischtennis-alemannia.de\/wp-content\/uploads\/2023\/05\/titel-jhv2023.jpg","articleSection":["Allgemein"],"inLanguage":"en-GB","potentialAction":[{"@type":"CommentAction","name":"Comment","target":["https:\/\/tischtennis-alemannia.de\/2023\/05\/07\/jahreshauptversammlung-2023\/#respond"]}]},{"@type":"WebPage","@id":"https:\/\/tischtennis-alemannia.de\/2023\/05\/07\/jahreshauptversammlung-2023\/","url":"https:\/\/tischtennis-alemannia.de\/2023\/05\/07\/jahreshauptversammlung-2023\/","name":"Jahreshauptversammlung 2023 - Alemannia Aachen","isPartOf":{"@id":"https:\/\/tischtennis-alemannia.de\/#website"},"primaryImageOfPage":{"@id":"https:\/\/tischtennis-alemannia.de\/2023\/05\/07\/jahreshauptversammlung-2023\/#primaryimage"},"image":{"@id":"https:\/\/tischtennis-alemannia.de\/2023\/05\/07\/jahreshauptversammlung-2023\/#primaryimage"},"thumbnailUrl":"https:\/\/tischtennis-alemannia.de\/wp-content\/uploads\/2023\/05\/titel-jhv2023.jpg","datePublished":"2023-05-07T10:30:01+00:00","dateModified":"2023-05-07T10:43:00+00:00","breadcrumb":{"@id":"https:\/\/tischtennis-alemannia.de\/2023\/05\/07\/jahreshauptversammlung-2023\/#breadcrumb"},"inLanguage":"en-GB","potentialAction":[{"@type":"ReadAction","target":["https:\/\/tischtennis-alemannia.de\/2023\/05\/07\/jahreshauptversammlung-2023\/"]}]},{"@type":"ImageObject","inLanguage":"en-GB","@id":"https:\/\/tischtennis-alemannia.de\/2023\/05\/07\/jahreshauptversammlung-2023\/#primaryimage","url":"https:\/\/tischtennis-alemannia.de\/wp-content\/uploads\/2023\/05\/titel-jhv2023.jpg","contentUrl":"https:\/\/tischtennis-alemannia.de\/wp-content\/uploads\/2023\/05\/titel-jhv2023.jpg","width":955,"height":773},{"@type":"BreadcrumbList","@id":"https:\/\/tischtennis-alemannia.de\/2023\/05\/07\/jahreshauptversammlung-2023\/#breadcrumb","itemListElement":[{"@type":"ListItem","position":1,"name":"Startseite","item":"https:\/\/tischtennis-alemannia.de\/"},{"@type":"ListItem","position":2,"name":"Jahreshauptversammlung 2023"}]},{"@type":"WebSite","@id":"https:\/\/tischtennis-alemannia.de\/#website","url":"https:\/\/tischtennis-alemannia.de\/","name":"Alemannia Aachen","description":"Webseite of Alemannia Aachen: Division Tabletennis","publisher":{"@id":"https:\/\/tischtennis-alemannia.de\/#organization"},"potentialAction":[{"@type":"SearchAction","target":{"@type":"EntryPoint","urlTemplate":"https:\/\/tischtennis-alemannia.de\/?s={search_term_string}"},"query-input":{"@type":"PropertyValueSpecification","valueRequired":true,"valueName":"search_term_string"}}],"inLanguage":"en-GB"},{"@type":"Organization","@id":"https:\/\/tischtennis-alemannia.de\/#organization","name":"Alemannia Aachen","url":"https:\/\/tischtennis-alemannia.de\/","logo":{"@type":"ImageObject","inLanguage":"en-GB","@id":"https:\/\/tischtennis-alemannia.de\/#\/schema\/logo\/image\/","url":"https:\/\/tischtennis-alemannia.de\/wp-content\/uploads\/2022\/03\/Alemannia_Aachen_2010.svg.png","contentUrl":"https:\/\/tischtennis-alemannia.de\/wp-content\/uploads\/2022\/03\/Alemannia_Aachen_2010.svg.png","width":800,"height":949,"caption":"Alemannia Aachen"},"image":{"@id":"https:\/\/tischtennis-alemannia.de\/#\/schema\/logo\/image\/"}},{"@type":"Person","@id":"https:\/\/tischtennis-alemannia.de\/#\/schema\/person\/b93c5570f42fcfb351dfaae37b4ae4a7","name":"Tobias Hins","image":{"@type":"ImageObject","inLanguage":"en-GB","@id":"https:\/\/tischtennis-alemannia.de\/#\/schema\/person\/image\/","url":"https:\/\/secure.gravatar.com\/avatar\/143937a5db56ca610f35c33852425f384831aeaf8ef8f2a1ceaeffa5709e7d76?s=96&d=mm&r=g","contentUrl":"https:\/\/secure.gravatar.com\/avatar\/143937a5db56ca610f35c33852425f384831aeaf8ef8f2a1ceaeffa5709e7d76?s=96&d=mm&r=g","caption":"Tobias Hins"},"url":"https:\/\/tischtennis-alemannia.de\/en\/author\/tobiashins\/"}]}},"rttpg_featured_image_url":{"full":["https:\/\/tischtennis-alemannia.de\/wp-content\/uploads\/2023\/05\/titel-jhv2023.jpg",955,773,false],"landscape":["https:\/\/tischtennis-alemannia.de\/wp-content\/uploads\/2023\/05\/titel-jhv2023.jpg",955,773,false],"portraits":["https:\/\/tischtennis-alemannia.de\/wp-content\/uploads\/2023\/05\/titel-jhv2023.jpg",955,773,false],"thumbnail":["https:\/\/tischtennis-alemannia.de\/wp-content\/uploads\/2023\/05\/titel-jhv2023-450x300.jpg",450,300,true],"medium":["https:\/\/tischtennis-alemannia.de\/wp-content\/uploads\/2023\/05\/titel-jhv2023-300x243.jpg",300,243,true],"large":["https:\/\/tischtennis-alemannia.de\/wp-content\/uploads\/2023\/05\/titel-jhv2023.jpg",843,682,false],"1536x1536":["https:\/\/tischtennis-alemannia.de\/wp-content\/uploads\/2023\/05\/titel-jhv2023.jpg",955,773,false],"2048x2048":["https:\/\/tischtennis-alemannia.de\/wp-content\/uploads\/2023\/05\/titel-jhv2023.jpg",955,773,false],"trp-custom-language-flag":["https:\/\/tischtennis-alemannia.de\/wp-content\/uploads\/2023\/05\/titel-jhv2023-15x12.jpg",15,12,true],"blog-list-post-size":["https:\/\/tischtennis-alemannia.de\/wp-content\/uploads\/2023\/05\/titel-jhv2023-350x283.jpg",350,283,true]},"rttpg_author":{"display_name":"Tobias Hins","author_link":"https:\/\/tischtennis-alemannia.de\/en\/author\/tobiashins\/"},"rttpg_comment":0,"rttpg_category":"<a href=\"https:\/\/tischtennis-alemannia.de\/en\/category\/allgemein\/\" rel=\"category tag\">Allgemein<\/a>","rttpg_excerpt":"Wir hoffen, dasss Ihr am Mittwoch zu unserer gemeinsamen Jahreshauptversammlung kommen werdet. Wir haben sehr viele neue Mitglieder in den letzten Monaten gewinnen k\u00f6nnen und&hellip;","_links":{"self":[{"href":"https:\/\/tischtennis-alemannia.de\/en\/wp-json\/wp\/v2\/posts\/4059","targetHints":{"allow":["GET"]}}],"collection":[{"href":"https:\/\/tischtennis-alemannia.de\/en\/wp-json\/wp\/v2\/posts"}],"about":[{"href":"https:\/\/tischtennis-alemannia.de\/en\/wp-json\/wp\/v2\/types\/post"}],"author":[{"embeddable":true,"href":"https:\/\/tischtennis-alemannia.de\/en\/wp-json\/wp\/v2\/users\/2"}],"replies":[{"embeddable":true,"href":"https:\/\/tischtennis-alemannia.de\/en\/wp-json\/wp\/v2\/comments?post=4059"}],"version-history":[{"count":10,"href":"https:\/\/tischtennis-alemannia.de\/en\/wp-json\/wp\/v2\/posts\/4059\/revisions"}],"predecessor-version":[{"id":4074,"href":"https:\/\/tischtennis-alemannia.de\/en\/wp-json\/wp\/v2\/posts\/4059\/revisions\/4074"}],"wp:featuredmedia":[{"embeddable":true,"href":"https:\/\/tischtennis-alemannia.de\/en\/wp-json\/wp\/v2\/media\/4060"}],"wp:attachment":[{"href":"https:\/\/tischtennis-alemannia.de\/en\/wp-json\/wp\/v2\/media?parent=4059"}],"wp:term":[{"taxonomy":"category","embeddable":true,"href":"https:\/\/tischtennis-alemannia.de\/en\/wp-json\/wp\/v2\/categories?post=4059"},{"taxonomy":"post_tag","embeddable":true,"href":"https:\/\/tischtennis-alemannia.de\/en\/wp-json\/wp\/v2\/tags?post=4059"}],"curies":[{"name":"wp","href":"https:\/\/api.w.org\/{rel}","templated":true}]}}